{"id":946,"date":"2025-04-14T00:02:00","date_gmt":"2025-04-13T22:02:00","guid":{"rendered":"https:\/\/www.operaincerta.it\/OIWP\/?p=946"},"modified":"2025-04-30T17:32:41","modified_gmt":"2025-04-30T15:32:41","slug":"quasi-un-editoriale-la-mano","status":"publish","type":"post","link":"https:\/\/www.operaincerta.it\/OIWP\/2025\/04\/14\/quasi-un-editoriale-la-mano\/","title":{"rendered":"La mano"},"content":{"rendered":"\n<p>Quel film si \u00e8 guadagnato un posto stabile nella memoria collettiva degli italiani. Quindi mi perdonerete se, dopo averne tratto spunto per il numero sul sorriso, torno a proporvi la visione di &#8220;Bianco rosso e Verdone&#8221; per parlare delle mani, il nostro tema del mese.<\/p>\n\n\n\n<p>Non che non avessi gi\u00e0 pensato all&#8217;importanza di questa parte del corpo.<\/p>\n\n\n\n<p>Tanto per cominciare \u00e8 quella che mi permette di digitare le parole che state leggendo. E&#8217; poi l&#8217;arto che pi\u00f9 ci distingue dal regno animale e che, probabilmente, ci ha permesso di percorrere una migliore via evolutiva nell&#8217;arco dei millenni. Sono innumerevoli le azioni che si fanno con le mani e certamente a volerle contare non basterebbero, appunto, le dita di una mano!<\/p>\n\n\n\n<p>La mano \u00e8 chiaramente un simbolo di unione nella diversit\u00e0, laddove cinque dita diverse tra loro cooperano per uno scopo.<\/p>\n\n\n\n<p>La mano ci permette di impastare il pane e la pizza che il nostro Meno Occhipinti offre nelle riunioni di redazione. La mano si stringe per sancire un\u2019alleanza inscalfibile. Si chiede per unirsi in matrimonio. La mano pizzica le corde del violino, pigia i tasti di un pianoforte, picchia sulla pelle del tamburo. In essa risiede il senso del tatto con cui si spalancano le porte a sensazioni indicibili. Dare una mano vuol dire aiutare chi \u00e8 in difficolt\u00e0, leggere una mano significa predire il futuro. Il gesto di una mano \u00e8 saluto, comunicazione di pace, minaccia, strumento per dire parole che la lingua faticherebbe a trovare. Tenere per mano la persona amata resta una delle emozioni pi\u00f9 pure e profonde. Ecco, avevo pensato a tutte queste circostanze senza per\u00f2 trovare uno spunto davvero significativo ed immediato.<\/p>\n\n\n\n<p>Poi una piccola illuminazione cinematografica.<\/p>\n\n\n\n<figure class=\"wp-block-embed is-type-video is-provider-youtube wp-block-embed-youtube wp-embed-aspect-16-9 wp-has-aspect-ratio\"><div class=\"wp-block-embed__wrapper\">\n<iframe loading=\"lazy\" title=\"Carlo Verdone \ud83c\udfac Mario Brega \ud83c\udfac Sta mano po&#039; esse Fero e po&#039; esse Piuma \ud83e\udd23\ud83d\ude04\" width=\"1260\" height=\"709\" src=\"https:\/\/www.youtube.com\/embed\/Lo_ACAFtGlE?feature=oembed\" frameborder=\"0\" allow=\"accelerometer; autoplay; clipboard-write; encrypted-media; gyroscope; picture-in-picture; web-share\" referrerpolicy=\"strict-origin-when-cross-origin\" allowfullscreen><\/iframe>\n<\/div><\/figure>\n\n\n\n<p>Mario Brega ha la ragione di un guru orientale: &#8220;la mano pu\u00f2 essere ferro come pu\u00f2 essere piuma&#8221;\u2026 Con la stessa mano puoi scrivere una poesia d&#8217;amore come una lettera minatoria. Puoi accarezzare i capelli di una persona come massacrarla di botte. Una mano dona, un&#8217;altra ruba. Insomma la differenza davvero sostanziale sta nell&#8217;uso che facciamo di questo nostro prezioso strumento di umanit\u00e0. Per questo ci riflettiamo insieme. Vi ricordo, infine, che per tutti i lettori \u00e8 possibile digitare con le proprie mani un commento ad ogni nostro articolo; ma vi preghiamo di farlo mettendovi prima una mano sulla coscienza!&nbsp;Buona&nbsp;lettura.<\/p>\n","protected":false},"excerpt":{"rendered":"<p>Quel film si \u00e8 guadagnato un posto stabile nella memoria collettiva degli italiani. Quindi mi perdonerete se, dopo averne tratto spunto per il numero sul sorriso, torno a proporvi la visione di &#8220;Bianco rosso e Verdone&#8221; per parlare delle mani, il nostro tema del mese. Non che non avessi gi\u00e0 pensato all&#8217;importanza di questa parte del corpo. Tanto per cominciare \u00e8 quella che mi permette di digitare le parole che state leggendo. E&#8217; poi l&#8217;arto che pi\u00f9 ci distingue dal regno animale e che, probabilmente, ci ha permesso di percorrere una migliore via evolutiva nell&#8217;arco dei millenni. Sono innumerevoli le azioni che si fanno con<a class=\"more-link\" href=\"https:\/\/www.operaincerta.it\/OIWP\/2025\/04\/14\/quasi-un-editoriale-la-mano\/\">Read More &rarr;<\/a><\/p>\n","protected":false},"author":28,"featured_media":950,"comment_status":"open","ping_status":"open","sticky":false,"template":"","format":"standard","meta":{"footnotes":""},"categories":[49],"tags":[],"ppma_author":[8],"class_list":{"0":"entry","1":"post","2":"publish","3":"author-antonio","4":"post-946","6":"format-standard","7":"has-post-thumbnail","8":"category-192-aprile-2025"},"authors":[{"term_id":8,"user_id":0,"is_guest":1,"slug":"antonio","display_name":"Antonio La Monica","avatar_url":{"url":"https:\/\/www.operaincerta.it\/OIWP\/wp-content\/uploads\/2024\/12\/lamonica.jpg","url2x":"https:\/\/www.operaincerta.it\/OIWP\/wp-content\/uploads\/2024\/12\/lamonica.jpg"},"0":null,"1":"","2":"","3":"","4":"","5":"","6":"","7":"","8":""}],"_links":{"self":[{"href":"https:\/\/www.operaincerta.it\/OIWP\/wp-json\/wp\/v2\/posts\/946","targetHints":{"allow":["GET"]}}],"collection":[{"href":"https:\/\/www.operaincerta.it\/OIWP\/wp-json\/wp\/v2\/posts"}],"about":[{"href":"https:\/\/www.operaincerta.it\/OIWP\/wp-json\/wp\/v2\/types\/post"}],"author":[{"embeddable":true,"href":"https:\/\/www.operaincerta.it\/OIWP\/wp-json\/wp\/v2\/users\/28"}],"replies":[{"embeddable":true,"href":"https:\/\/www.operaincerta.it\/OIWP\/wp-json\/wp\/v2\/comments?post=946"}],"version-history":[{"count":2,"href":"https:\/\/www.operaincerta.it\/OIWP\/wp-json\/wp\/v2\/posts\/946\/revisions"}],"predecessor-version":[{"id":948,"href":"https:\/\/www.operaincerta.it\/OIWP\/wp-json\/wp\/v2\/posts\/946\/revisions\/948"}],"wp:featuredmedia":[{"embeddable":true,"href":"https:\/\/www.operaincerta.it\/OIWP\/wp-json\/wp\/v2\/media\/950"}],"wp:attachment":[{"href":"https:\/\/www.operaincerta.it\/OIWP\/wp-json\/wp\/v2\/media?parent=946"}],"wp:term":[{"taxonomy":"category","embeddable":true,"href":"https:\/\/www.operaincerta.it\/OIWP\/wp-json\/wp\/v2\/categories?post=946"},{"taxonomy":"post_tag","embeddable":true,"href":"https:\/\/www.operaincerta.it\/OIWP\/wp-json\/wp\/v2\/tags?post=946"},{"taxonomy":"author","embeddable":true,"href":"https:\/\/www.operaincerta.it\/OIWP\/wp-json\/wp\/v2\/ppma_author?post=946"}],"curies":[{"name":"wp","href":"https:\/\/api.w.org\/{rel}","templated":true}]}}