{"id":859,"date":"2025-04-14T00:01:00","date_gmt":"2025-04-13T22:01:00","guid":{"rendered":"https:\/\/www.operaincerta.it\/OIWP\/?p=859"},"modified":"2025-04-04T22:22:45","modified_gmt":"2025-04-04T20:22:45","slug":"mani-bucate","status":"publish","type":"post","link":"https:\/\/www.operaincerta.it\/OIWP\/2025\/04\/14\/mani-bucate\/","title":{"rendered":"Mani bucate"},"content":{"rendered":"\n<p><em>Non hai saputo tenerti niente, neanche un amico sincero<\/em><br><em>Avevi tanto e hai sempre dato tutto a nessuno<\/em><br><em>Tutto hai perduto, anche il mio cuore<\/em><br><em>Buttato via dalle tue mani, mani bucate<\/em><\/p>\n\n\n\n<p>Il poeta Sergio Endrigo ci regala una sua interpretazione geniale del vecchio modo di dire rivolto tradizionalmente a chi sperpera denaro. In questa splendida canzone (suoi sia il testo che la musica) le mani bucate sono quelle di chi invece spreca i sentimenti, le opportunit\u00e0 umane ed emotive della vita.<br>Purtroppo ho scoperto tardi Sergio Endrigo. Il mio animo ribelle da rockettaro impenitente faceva fatica ad accostarsi ad un gentiluomo elegante e schivo. Poi, grazie all\u2019amico Mario Bonanno, musicologo autore di numerosi volumi di pregio sulla canzone d\u2019autore, ho avuto modo di conoscerlo ed ho scoperto un cantautore di grande valore che andrebbe studiato nelle scuole per quanti contenuti e narrazioni di vita ha saputo trasmettere.<br>Nato a Pola nel 1933. sub\u00ec le conseguenze drammatiche delle decisioni politiche prese a conclusione della Seconda Guerra Mondiale (in particolare la cessione dell\u2019Istria alla Jugoslavia), vicende che narrer\u00e0 nel brano <em>\u201c1947\u201d<\/em>:<em> come vorrei essere un albero che sa dove nasce e dove morir\u00e0 (Fonit Cetra Music).<\/em><br>Non era mai banale, n\u00e9 quando scriveva d\u2019amore n\u00e9 quando lanciava messaggi di grande impatto, interpretando testi suoi ma prestando la sua voce anche ad altri artisti.<\/p>\n\n\n\n<p><em>\u201cCi vuole un fiore\u201d <\/em>(testo di Gianni Rodari) \u00e8 quanto di pi\u00f9 efficace possiamo escogitare per far comprendere ad un bimbo (ma anche agli adulti) la complessit\u00e0 del mondo e la connessione tra tutte le cose.<\/p>\n\n\n\n<p><em>\u201cLa casa\u201d <\/em>(musica di Vinicius De Moraes, testo di Luigi Bardotti) \u00e8 una dolce filastrocca che tratta, con la sensibilit\u00e0 di una carezza, il tema spinoso e doloroso della follia. E potremmo citarle tutte le canzoni che ha scritto e\/o interpretato perch\u00e9 ognuna di esse \u00e8 davvero una perla da preservare. Ne scelgo una (particolarmente attuale) che, con amara e geniale ironia, legge la difficolt\u00e0 degli esseri umani a vivere insieme senza divisioni, contrasti, guerre. Si tratta di <em>\u201cFare festa\u201d<\/em> (BMG Ricordi SPA; testo e musica di Sergio Endrigo):<\/p>\n\n\n\n<p><em>Sarebbe bello fare festa tutti insieme<\/em><br><em>E non si pu\u00f2 perch\u00e9<\/em><br><em>Fanno festa i musulmani il venerd\u00ec<\/em><br><em>Il sabato gli ebrei<\/em><br><em>La domenica i cristiani<\/em><br><em>E i barbieri il luned\u00ec<\/em><\/p>\n\n\n\n<p>Nel 2001 Roberto Vecchioni, Gino Paoli, Bruno Lauzi, Vinicio Capossela, Enzo Jannacci, Cristiano De Andr\u00e9, La Crus, Sergio Cammariere e tanti altri registrarono insieme allo stesso Endrigo <em>&#8220;Canzoni per te&#8221;<\/em>, un tributo dal vivo al Teatro Ariston di Sanremo con tutti i suoi brani pi\u00f9 importanti. \u00c8 un disco veramente speciale, consiglio a tutti di reperirlo. Dentro non ci troverete soltanto un sentimento di amicizia e di condivisione tra \u201ccolleghi\u201d ma un\u2019autentica testimonianza di stima verso un artista con la A maiuscola, le cui canzoni costituiscono un patrimonio inestimabile. L\u201911 gennaio 2006, a pochi mesi dalla sua morte, verr\u00e0 registrato un altro splendido tributo dal titolo <em>\u201cCiao Poeta\u201d<\/em>, fortemente voluto dalla figlia Claudia. Partecipanti: Morgan, Mariella Nava, Ornella Vanoni, Gianni Morandi, Nada, Simone Cristicchi, Roberto Vecchioni, Sergio Cammariere, Marisa Sannia, Tetes de Bois, direzione artistica Sergio Bardotti.<\/p>\n\n\n\n<p><\/p>\n","protected":false},"excerpt":{"rendered":"<p>Non hai saputo tenerti niente, neanche un amico sinceroAvevi tanto e hai sempre dato tutto a nessunoTutto hai perduto, anche il mio cuoreButtato via dalle tue mani, mani bucate Il poeta Sergio Endrigo ci regala una sua interpretazione geniale del vecchio modo di dire rivolto tradizionalmente a chi sperpera denaro. In questa splendida canzone (suoi sia il testo che la musica) le mani bucate sono quelle di chi invece spreca i sentimenti, le opportunit\u00e0 umane ed emotive della vita.Purtroppo ho scoperto tardi Sergio Endrigo. Il mio animo ribelle da rockettaro impenitente faceva fatica ad accostarsi ad un gentiluomo elegante e schivo. Poi, grazie all\u2019amico Mario<a class=\"more-link\" href=\"https:\/\/www.operaincerta.it\/OIWP\/2025\/04\/14\/mani-bucate\/\">Read More &rarr;<\/a><\/p>\n","protected":false},"author":23,"featured_media":861,"comment_status":"open","ping_status":"open","sticky":false,"template":"","format":"standard","meta":{"footnotes":""},"categories":[49],"tags":[],"ppma_author":[16],"class_list":{"0":"entry","1":"post","2":"publish","3":"author-marcello","4":"post-859","6":"format-standard","7":"has-post-thumbnail","8":"category-192-aprile-2025"},"authors":[{"term_id":16,"user_id":23,"is_guest":0,"slug":"marcello","display_name":"Marcello Gurrieri","avatar_url":{"url":"https:\/\/www.operaincerta.it\/OIWP\/wp-content\/uploads\/2025\/02\/gurrieri2.jpg","url2x":"https:\/\/www.operaincerta.it\/OIWP\/wp-content\/uploads\/2025\/02\/gurrieri2.jpg"},"0":null,"1":"","2":"","3":"","4":"","5":"","6":"","7":"","8":""}],"_links":{"self":[{"href":"https:\/\/www.operaincerta.it\/OIWP\/wp-json\/wp\/v2\/posts\/859","targetHints":{"allow":["GET"]}}],"collection":[{"href":"https:\/\/www.operaincerta.it\/OIWP\/wp-json\/wp\/v2\/posts"}],"about":[{"href":"https:\/\/www.operaincerta.it\/OIWP\/wp-json\/wp\/v2\/types\/post"}],"author":[{"embeddable":true,"href":"https:\/\/www.operaincerta.it\/OIWP\/wp-json\/wp\/v2\/users\/23"}],"replies":[{"embeddable":true,"href":"https:\/\/www.operaincerta.it\/OIWP\/wp-json\/wp\/v2\/comments?post=859"}],"version-history":[{"count":4,"href":"https:\/\/www.operaincerta.it\/OIWP\/wp-json\/wp\/v2\/posts\/859\/revisions"}],"predecessor-version":[{"id":892,"href":"https:\/\/www.operaincerta.it\/OIWP\/wp-json\/wp\/v2\/posts\/859\/revisions\/892"}],"wp:featuredmedia":[{"embeddable":true,"href":"https:\/\/www.operaincerta.it\/OIWP\/wp-json\/wp\/v2\/media\/861"}],"wp:attachment":[{"href":"https:\/\/www.operaincerta.it\/OIWP\/wp-json\/wp\/v2\/media?parent=859"}],"wp:term":[{"taxonomy":"category","embeddable":true,"href":"https:\/\/www.operaincerta.it\/OIWP\/wp-json\/wp\/v2\/categories?post=859"},{"taxonomy":"post_tag","embeddable":true,"href":"https:\/\/www.operaincerta.it\/OIWP\/wp-json\/wp\/v2\/tags?post=859"},{"taxonomy":"author","embeddable":true,"href":"https:\/\/www.operaincerta.it\/OIWP\/wp-json\/wp\/v2\/ppma_author?post=859"}],"curies":[{"name":"wp","href":"https:\/\/api.w.org\/{rel}","templated":true}]}}