{"id":553,"date":"2025-02-14T00:02:00","date_gmt":"2025-02-13T23:02:00","guid":{"rendered":"https:\/\/www.operaincerta.it\/OIWP\/?p=553"},"modified":"2025-02-10T11:37:54","modified_gmt":"2025-02-10T10:37:54","slug":"le-maschere","status":"publish","type":"post","link":"https:\/\/www.operaincerta.it\/OIWP\/2025\/02\/14\/le-maschere\/","title":{"rendered":"Le maschere"},"content":{"rendered":"\n<p>Storia, teatro, tradizione. Identit\u00e0, finzione, mistero e realt\u00e0. Dietro a una maschera, o davanti ad essa, tutto questo e molto altro.<\/p>\n\n\n\n<p>Nel mese del Carnevale dedichiamo il nostro mensile al tema delle maschere. Confine tra un mondo reale ed uno immaginario. Rivelazione, ovvero doppia velatura, di ogni personalit\u00e0.<\/p>\n\n\n\n<p>A molti di voi non sfuggir\u00e0 dalla memoria la celebre teoria di Luigi Pirandello che mette in guardia sulla possibilit\u00e0 di incrociare lungo il nostro cammino molte maschere e pochi volti. Lo scrittore agrigentino sa bene che ognuno di noi \u00e8 costretto ad indossare maschere utili per affrontare la vita sociale, come fossimo attori di una perenne recita capace solo di farci perdere in autenticit\u00e0. Navigare nelle complesse dinamiche relazionali sarebbe impossibile, sembra avvertirci Pirandello, senza celare il nostro vero volto.<\/p>\n\n\n\n<p>Ma le maschere hanno un ruolo anche rituale, mistico. Rappresentano la capacit\u00e0 che hanno gli Dei di trasformare se stessi in animali, creature favolose capaci di interagire con il livello degli umani. Molte divinit\u00e0 della cultura indiana sembrano indossare maschere appariscenti e finanche mostruose. Se per maschera intendiamo anche il travestimento, sar\u00e0 facile inserire in questo tema anche gli abiti che contraddistinguono nettamente una appartenenza religiosa. \u00a0<\/p>\n\n\n\n<p>Da un punto di vista antropologico, l\u2019idea che si debba talvolta \u201cindossare un altro volto\u201d ha un forte legame con le tradizioni e le culture nel mondo. Dai carnevali italiani alle celebrazioni africane, ogni maschera racconta una storia, una storia di comunit\u00e0, di riti e di appartenenza.<\/p>\n\n\n\n<p>Nel mondo del teatro, poi, la maschera \u00e8 tutto. Per gli antichi greci era il modo essenziale ed immediato per comprendere il senso di una rappresentazione. In tempi pi\u00f9 recenti resta un simbolo potente. La maschera di Pulcinella \u00e8 un esempio molto calzante. Un volto nero, misterioso che racconta un popolo, una citt\u00e0 piena di mille colori come Napoli.<\/p>\n\n\n\n<p>I grandi personaggi del cinema e del teatro, non a caso, sono assurti al ruolo di maschere. &nbsp;<\/p>\n\n\n\n<p>E non sono forse delle maschere quelle con cui ci confrontiamo oggi navigando tra social network colmi di profili \u201cfake\u201d o di persone che si celano dietro una immagine di s\u00e9 molto alterata, filtrata e resa a bella posta per essere meglio percepiti dai nostri followers?<\/p>\n\n\n\n<p>Il tema della maschera, dunque, ci interroga sulla possibilit\u00e0 e sul rischio che ognuno di noi possa perdere il contatto con chi siamo veramente. Ci fa chiedere se sia possibile esplorare nuove dimensioni della nostra identit\u00e0 attraverso essa.<\/p>\n","protected":false},"excerpt":{"rendered":"<p>Storia, teatro, tradizione. Identit\u00e0, finzione, mistero e realt\u00e0. Dietro a una maschera, o davanti ad essa, tutto questo e molto altro. Nel mese del Carnevale dedichiamo il nostro mensile al tema delle maschere. Confine tra un mondo reale ed uno immaginario. Rivelazione, ovvero doppia velatura, di ogni personalit\u00e0. A molti di voi non sfuggir\u00e0 dalla memoria la celebre teoria di Luigi Pirandello che mette in guardia sulla possibilit\u00e0 di incrociare lungo il nostro cammino molte maschere e pochi volti. Lo scrittore agrigentino sa bene che ognuno di noi \u00e8 costretto ad indossare maschere utili per affrontare la vita sociale, come fossimo attori di una perenne<a class=\"more-link\" href=\"https:\/\/www.operaincerta.it\/OIWP\/2025\/02\/14\/le-maschere\/\">Read More &rarr;<\/a><\/p>\n","protected":false},"author":3,"featured_media":560,"comment_status":"open","ping_status":"open","sticky":false,"template":"","format":"standard","meta":{"footnotes":""},"categories":[4],"tags":[],"ppma_author":[8],"class_list":{"0":"entry","1":"post","2":"publish","3":"author-antonio","4":"post-553","6":"format-standard","7":"has-post-thumbnail","8":"category-190-febbraio-2025"},"authors":[{"term_id":8,"user_id":0,"is_guest":1,"slug":"antonio","display_name":"Antonio La Monica","avatar_url":{"url":"https:\/\/www.operaincerta.it\/OIWP\/wp-content\/uploads\/2024\/12\/lamonica.jpg","url2x":"https:\/\/www.operaincerta.it\/OIWP\/wp-content\/uploads\/2024\/12\/lamonica.jpg"},"0":null,"1":"","2":"","3":"","4":"","5":"","6":"","7":"","8":""}],"_links":{"self":[{"href":"https:\/\/www.operaincerta.it\/OIWP\/wp-json\/wp\/v2\/posts\/553","targetHints":{"allow":["GET"]}}],"collection":[{"href":"https:\/\/www.operaincerta.it\/OIWP\/wp-json\/wp\/v2\/posts"}],"about":[{"href":"https:\/\/www.operaincerta.it\/OIWP\/wp-json\/wp\/v2\/types\/post"}],"author":[{"embeddable":true,"href":"https:\/\/www.operaincerta.it\/OIWP\/wp-json\/wp\/v2\/users\/3"}],"replies":[{"embeddable":true,"href":"https:\/\/www.operaincerta.it\/OIWP\/wp-json\/wp\/v2\/comments?post=553"}],"version-history":[{"count":3,"href":"https:\/\/www.operaincerta.it\/OIWP\/wp-json\/wp\/v2\/posts\/553\/revisions"}],"predecessor-version":[{"id":605,"href":"https:\/\/www.operaincerta.it\/OIWP\/wp-json\/wp\/v2\/posts\/553\/revisions\/605"}],"wp:featuredmedia":[{"embeddable":true,"href":"https:\/\/www.operaincerta.it\/OIWP\/wp-json\/wp\/v2\/media\/560"}],"wp:attachment":[{"href":"https:\/\/www.operaincerta.it\/OIWP\/wp-json\/wp\/v2\/media?parent=553"}],"wp:term":[{"taxonomy":"category","embeddable":true,"href":"https:\/\/www.operaincerta.it\/OIWP\/wp-json\/wp\/v2\/categories?post=553"},{"taxonomy":"post_tag","embeddable":true,"href":"https:\/\/www.operaincerta.it\/OIWP\/wp-json\/wp\/v2\/tags?post=553"},{"taxonomy":"author","embeddable":true,"href":"https:\/\/www.operaincerta.it\/OIWP\/wp-json\/wp\/v2\/ppma_author?post=553"}],"curies":[{"name":"wp","href":"https:\/\/api.w.org\/{rel}","templated":true}]}}