{"id":546,"date":"2025-02-14T00:01:00","date_gmt":"2025-02-13T23:01:00","guid":{"rendered":"https:\/\/www.operaincerta.it\/OIWP\/?p=546"},"modified":"2025-02-10T11:34:19","modified_gmt":"2025-02-10T10:34:19","slug":"la-realta-dietro-la-maschera","status":"publish","type":"post","link":"https:\/\/www.operaincerta.it\/OIWP\/2025\/02\/14\/la-realta-dietro-la-maschera\/","title":{"rendered":"La realt\u00e0 dietro la maschera"},"content":{"rendered":"\n<p>Nell&#8217;intricata danza dell&#8217;esistenza, ogni persona ha due volti. Una \u00e8 quella che mostriamo al mondo: una maschera accuratamente modellata sulle aspettative e sulle norme sociali. L&#8217;altra, pi\u00f9 autentica ma nascosta, \u00e8 riservata a pochi&#8230; o a volte, nemmeno a noi stessi.<\/p>\n\n\n\n<p>In questa fase di maschere in cui conviviamo quotidianamente, ci muoviamo con la maestria di un attore che interpreta il ruolo che ci si aspetta da noi. Trasmettiamo sicurezza, ostentiamo successi, condividiamo sorrisi studiati davanti allo specchio, modelliamo la nostra immagine con precisione. Ma cosa c&#8217;\u00e8 dietro quella maschera? Quanto di ci\u00f2 che mostriamo \u00e8 reale e quanto \u00e8 solo un riflesso di ci\u00f2 che pensiamo che gli altri vogliano vedere?<\/p>\n\n\n\n<p>Fin dall&#8217;infanzia, la societ\u00e0 ci fornisce un copione che dobbiamo seguire alla lettera. Impariamo cosa \u00e8 accettabile e cosa non lo \u00e8. Quali sfaccettature della nostra personalit\u00e0 possiamo mostrare e quali invece \u00e8 meglio tenere nascoste. Ma dentro ognuno di noi vive un \u201cio\u201d pi\u00f9 autentico. L\u00ec risiedono le nostre passioni pi\u00f9 profonde, le nostre paure pi\u00f9 indicibili, le nostre speranze pi\u00f9 oneste. Questa dualit\u00e0 genera una contraddizione interna. Il conflitto tra l&#8217;immagine che proiettiamo e chi siamo realmente pu\u00f2 portare a insoddisfazione, distacco e persino dolore. \u00c8 una battaglia silenziosa, combattuta nel profondo della nostra <em>psiche<\/em>, dove il bisogno di accettazione si scontra con il desiderio di autenticit\u00e0.<\/p>\n\n\n\n<p>I <em>social media<\/em> hanno ulteriormente ampliato questo divario. Ci \u00e8 stata data l&#8217;opportunit\u00e0 di costruire una versione idealizzata di noi stessi, diventando curatori della nostra galleria d&#8217;arte. Modifichiamo la realt\u00e0 finch\u00e9 non si adatta allo schema di ci\u00f2 che \u00e8 ammirevole e applaudito. Ma questa \u201cmaschera digitale\u201d, seppur seducente, pu\u00f2 rivelarsi una prigione che ci allontana dalla nostra vera identit\u00e0, rafforzando la sensazione di vuoto.<\/p>\n\n\n\n<p>E poi sorge la domanda che richiede molto tempo: come trovare l&#8217;equilibrio? Come spezzare le catene dell&#8217;apparenza e avvicinarci alla nostra essenza? La ricerca dell\u2019autenticit\u00e0 diventa un desiderio vitale. Trovare spazi in cui possiamo essere noi stessi senza paura di essere giudicati \u00e8 pi\u00f9 di un lusso: \u00e8 un atto di RESISTENZA.<\/p>\n\n\n\n<p>La stessa cosa accade con le citt\u00e0. Quelli che, per quanto ci promuovano come \u201cterra promessa\u201d attraverso il turismo su Facebook e Instagram, nascondono sempre la loro realt\u00e0 nel profondo dei loro quartieri. Come una maschera di Pulcinella, che mostra un sorriso ambiguo mentre nasconde ci\u00f2 che realmente accade dietro. Perch\u00e9, in fondo, \u00e8 solo quando ci permettiamo di essere autentici che smettiamo di essere attori su un palcoscenico straniero, in una citt\u00e0 <em>partenopea<\/em> o in un&#8217;altra, e diventiamo, finalmente, protagonisti della nostra storia.<\/p>\n\n\n\n<p><\/p>\n\n\n\n<p><\/p>\n\n\n\n<p><\/p>\n\n\n\n<p><\/p>\n","protected":false},"excerpt":{"rendered":"<p>Nell&#8217;intricata danza dell&#8217;esistenza, ogni persona ha due volti. Una \u00e8 quella che mostriamo al mondo: una maschera accuratamente modellata sulle aspettative e sulle norme sociali. L&#8217;altra, pi\u00f9 autentica ma nascosta, \u00e8 riservata a pochi&#8230; o a volte, nemmeno a noi stessi. In questa fase di maschere in cui conviviamo quotidianamente, ci muoviamo con la maestria di un attore che interpreta il ruolo che ci si aspetta da noi. Trasmettiamo sicurezza, ostentiamo successi, condividiamo sorrisi studiati davanti allo specchio, modelliamo la nostra immagine con precisione. Ma cosa c&#8217;\u00e8 dietro quella maschera? Quanto di ci\u00f2 che mostriamo \u00e8 reale e quanto \u00e8 solo un riflesso di ci\u00f2<a class=\"more-link\" href=\"https:\/\/www.operaincerta.it\/OIWP\/2025\/02\/14\/la-realta-dietro-la-maschera\/\">Read More &rarr;<\/a><\/p>\n","protected":false},"author":15,"featured_media":548,"comment_status":"open","ping_status":"open","sticky":false,"template":"","format":"standard","meta":{"footnotes":""},"categories":[4],"tags":[],"ppma_author":[7],"class_list":{"0":"entry","1":"post","2":"publish","3":"author-alexa","4":"post-546","6":"format-standard","7":"has-post-thumbnail","8":"category-190-febbraio-2025"},"authors":[{"term_id":7,"user_id":15,"is_guest":0,"slug":"alexa","display_name":"Alexa Legorreta","avatar_url":{"url":"https:\/\/www.operaincerta.it\/OIWP\/wp-content\/uploads\/2024\/12\/legorreta.jpg","url2x":"https:\/\/www.operaincerta.it\/OIWP\/wp-content\/uploads\/2024\/12\/legorreta.jpg"},"0":null,"1":"","2":"","3":"","4":"","5":"","6":"","7":"","8":""}],"_links":{"self":[{"href":"https:\/\/www.operaincerta.it\/OIWP\/wp-json\/wp\/v2\/posts\/546","targetHints":{"allow":["GET"]}}],"collection":[{"href":"https:\/\/www.operaincerta.it\/OIWP\/wp-json\/wp\/v2\/posts"}],"about":[{"href":"https:\/\/www.operaincerta.it\/OIWP\/wp-json\/wp\/v2\/types\/post"}],"author":[{"embeddable":true,"href":"https:\/\/www.operaincerta.it\/OIWP\/wp-json\/wp\/v2\/users\/15"}],"replies":[{"embeddable":true,"href":"https:\/\/www.operaincerta.it\/OIWP\/wp-json\/wp\/v2\/comments?post=546"}],"version-history":[{"count":3,"href":"https:\/\/www.operaincerta.it\/OIWP\/wp-json\/wp\/v2\/posts\/546\/revisions"}],"predecessor-version":[{"id":558,"href":"https:\/\/www.operaincerta.it\/OIWP\/wp-json\/wp\/v2\/posts\/546\/revisions\/558"}],"wp:featuredmedia":[{"embeddable":true,"href":"https:\/\/www.operaincerta.it\/OIWP\/wp-json\/wp\/v2\/media\/548"}],"wp:attachment":[{"href":"https:\/\/www.operaincerta.it\/OIWP\/wp-json\/wp\/v2\/media?parent=546"}],"wp:term":[{"taxonomy":"category","embeddable":true,"href":"https:\/\/www.operaincerta.it\/OIWP\/wp-json\/wp\/v2\/categories?post=546"},{"taxonomy":"post_tag","embeddable":true,"href":"https:\/\/www.operaincerta.it\/OIWP\/wp-json\/wp\/v2\/tags?post=546"},{"taxonomy":"author","embeddable":true,"href":"https:\/\/www.operaincerta.it\/OIWP\/wp-json\/wp\/v2\/ppma_author?post=546"}],"curies":[{"name":"wp","href":"https:\/\/api.w.org\/{rel}","templated":true}]}}