{"id":468,"date":"2025-02-14T00:01:00","date_gmt":"2025-02-13T23:01:00","guid":{"rendered":"https:\/\/www.operaincerta.it\/OIWP\/?p=468"},"modified":"2025-02-10T07:59:07","modified_gmt":"2025-02-10T06:59:07","slug":"ti-conosco-mascherina","status":"publish","type":"post","link":"https:\/\/www.operaincerta.it\/OIWP\/2025\/02\/14\/ti-conosco-mascherina\/","title":{"rendered":"Ti conosco, mascherina!"},"content":{"rendered":"\n<p>Ti conosco, mascherina! Questa frase la ripeteva sempre una persona che stimavo moltissimo.<\/p>\n\n\n\n<p>Voleva che io stessi attenta alle persone che mi si avvicinavano spesso e volentieri con gentilezza che per\u00f2, a lungo andare, celava una sottile cattiveria e una grande dose di ipocrisia. Ho fatto tesoro di questo affettuoso avvertimento e cerco sempre di analizzare i comportamenti altrui con obiettivit\u00e0 e con l\u2019esperienza data dall\u2019et\u00e0 che, ahim\u00e8, passa.<\/p>\n\n\n\n<p>Pirandello diceva \u201c<em>imparerai a tue spese che nel lungo tragitto della vita incontrerai molte maschere e pochi volti<\/em>\u201d Niente di pi\u00f9 vero. \u00c8 impresa ardua trovare persone sincere, affidabili. Quelle su cui si pu\u00f2 contare per un sostegno morale, un parere schietto senza doppi fini. Persone che guardano negli occhi e trasmettono limpidezza d\u2019animo e onest\u00e0 intellettuale.<\/p>\n\n\n\n<p>E ancora Pirandello: \u201c<em>C\u2019\u00e8 una maschera per la famiglia, una per la societ\u00e0, una per il lavoro. E quando resti da solo, non rimane pi\u00f9 niente<\/em>\u201d<\/p>\n\n\n\n<p>C\u2019\u00e8 chi si maschera per rispettare i sottili equilibri che gravitano attorno al nucleo familiare. La famiglia, infatti, \u00e8 spesso teatro di drammi, di violenze psicologiche pi\u00f9 o meno grandi, di silenzi pesanti, di detto e non detto. Per amor di pace si tollerano comportamenti inaccettabili, piccole vessazioni, ricatti psicologici dissimulati.<\/p>\n\n\n\n<p>&nbsp;Alcuni mettono una maschera per conformarsi alle aspettative che la societ\u00e0 impone. Interpretano dei ruoli a seconda delle circostanze in cui si trovano, per adeguarsi ai modelli che il narcisismo imperante detta. Bisogna essere sempre belli, in forma, eleganti e con performance alte per tenere il passo con le persone intorno. Perfetti in una sola parola! E ogni d\u00e9faillance \u00e8 vista come una sconfitta.<\/p>\n\n\n\n<p>Nel lavoro, poi, \u00e8 quasi d\u2019obbligo visto il campo minato in cui si cammina. Mai la massima \u201cmors tua, vita mea\u201d fu pi\u00f9 azzeccata. Quante volte si \u00e8 costretti ad accettare compromessi facendo buon viso a cattivo gioco, sempre col sorriso sulle labbra. Colleghi subdoli o capi prepotenti, \u00e8 raro trovare un ambiente lavorativo sereno. Si sgomita per una promozione, senza il minimo pensiero per chi si scavalca anche immeritatamente.<\/p>\n\n\n\n<p>A onor del vero penso che tutti, in svariate occasioni, indossiamo una maschera. Vuoi per proteggere la propria intimit\u00e0, vuoi per non farsi ferire e sovente per non affrontare i demoni che ci agitano dentro.<\/p>\n\n\n\n<p>Quante volte mi hanno detto \u201cFortunata tu, cos\u00ec serena!\u201d Ma cosa ne sa la gente di quel che hai dentro e celi allo sguardo altrui, per pudore, per riservatezza, perch\u00e9 non ti va di mostrare le tue debolezze?<\/p>\n\n\n\n<p>Ma fin quando la maschera rimane su in presenza di altri \u00e8 accettabile. Il guaio \u00e8 quando non si riesce a calarla neanche con s\u00e9 stessi. Quando si fa della propria vita una finzione continua, quando si mente anche di fronte allo specchio!<\/p>\n\n\n\n<p>Sarebbe buona prassi imparare a porsi nei confronti della vita con maggiore sincerit\u00e0 e serenit\u00e0. Accettare di non essere sempre al top. Lasciare scivolare via la maschera dal viso e dall\u2019anima, anche a rischio di essere pi\u00f9 vulnerabili! Essere insomma, se stessi con purezza e semplicit\u00e0.<\/p>\n\n\n\n<p>Faccio un augurio a tutti, me compresa! Ritornare ad essere bambini quando l\u2019animo \u00e8 leggero e senza infingimenti e ogni tanto riuscire a dire \u201cGi\u00f9 la maschera!\u201d<\/p>\n\n\n\n<p>In memoria di N.I : hai sempre avuto ragione!<\/p>\n\n\n\n<p><\/p>\n","protected":false},"excerpt":{"rendered":"<p>Ti conosco, mascherina! Questa frase la ripeteva sempre una persona che stimavo moltissimo. Voleva che io stessi attenta alle persone che mi si avvicinavano spesso e volentieri con gentilezza che per\u00f2, a lungo andare, celava una sottile cattiveria e una grande dose di ipocrisia. Ho fatto tesoro di questo affettuoso avvertimento e cerco sempre di analizzare i comportamenti altrui con obiettivit\u00e0 e con l\u2019esperienza data dall\u2019et\u00e0 che, ahim\u00e8, passa. Pirandello diceva \u201cimparerai a tue spese che nel lungo tragitto della vita incontrerai molte maschere e pochi volti\u201d Niente di pi\u00f9 vero. \u00c8 impresa ardua trovare persone sincere, affidabili. Quelle su cui si pu\u00f2 contare per<a class=\"more-link\" href=\"https:\/\/www.operaincerta.it\/OIWP\/2025\/02\/14\/ti-conosco-mascherina\/\">Read More &rarr;<\/a><\/p>\n","protected":false},"author":32,"featured_media":494,"comment_status":"open","ping_status":"open","sticky":false,"template":"","format":"standard","meta":{"footnotes":""},"categories":[4],"tags":[],"ppma_author":[9],"class_list":{"0":"entry","1":"post","2":"publish","3":"author-silvana","4":"post-468","6":"format-standard","7":"has-post-thumbnail","8":"category-190-febbraio-2025"},"authors":[{"term_id":9,"user_id":32,"is_guest":0,"slug":"silvana","display_name":"Silvana Leggio","avatar_url":"https:\/\/secure.gravatar.com\/avatar\/78ce4ba9d49148e0760d43a5fe814d6e6549c11ce302a68c60462ae0b19ea2ab?s=96&d=mm&r=g","0":null,"1":"","2":"","3":"","4":"","5":"","6":"","7":"","8":""}],"_links":{"self":[{"href":"https:\/\/www.operaincerta.it\/OIWP\/wp-json\/wp\/v2\/posts\/468","targetHints":{"allow":["GET"]}}],"collection":[{"href":"https:\/\/www.operaincerta.it\/OIWP\/wp-json\/wp\/v2\/posts"}],"about":[{"href":"https:\/\/www.operaincerta.it\/OIWP\/wp-json\/wp\/v2\/types\/post"}],"author":[{"embeddable":true,"href":"https:\/\/www.operaincerta.it\/OIWP\/wp-json\/wp\/v2\/users\/32"}],"replies":[{"embeddable":true,"href":"https:\/\/www.operaincerta.it\/OIWP\/wp-json\/wp\/v2\/comments?post=468"}],"version-history":[{"count":4,"href":"https:\/\/www.operaincerta.it\/OIWP\/wp-json\/wp\/v2\/posts\/468\/revisions"}],"predecessor-version":[{"id":476,"href":"https:\/\/www.operaincerta.it\/OIWP\/wp-json\/wp\/v2\/posts\/468\/revisions\/476"}],"wp:featuredmedia":[{"embeddable":true,"href":"https:\/\/www.operaincerta.it\/OIWP\/wp-json\/wp\/v2\/media\/494"}],"wp:attachment":[{"href":"https:\/\/www.operaincerta.it\/OIWP\/wp-json\/wp\/v2\/media?parent=468"}],"wp:term":[{"taxonomy":"category","embeddable":true,"href":"https:\/\/www.operaincerta.it\/OIWP\/wp-json\/wp\/v2\/categories?post=468"},{"taxonomy":"post_tag","embeddable":true,"href":"https:\/\/www.operaincerta.it\/OIWP\/wp-json\/wp\/v2\/tags?post=468"},{"taxonomy":"author","embeddable":true,"href":"https:\/\/www.operaincerta.it\/OIWP\/wp-json\/wp\/v2\/ppma_author?post=468"}],"curies":[{"name":"wp","href":"https:\/\/api.w.org\/{rel}","templated":true}]}}