{"id":3055,"date":"2026-03-14T00:01:00","date_gmt":"2026-03-13T23:01:00","guid":{"rendered":"https:\/\/www.operaincerta.it\/OIWP\/?p=3055"},"modified":"2026-03-04T12:17:06","modified_gmt":"2026-03-04T11:17:06","slug":"il-mercato-che-cambia-il-lavoro","status":"publish","type":"post","link":"https:\/\/www.operaincerta.it\/OIWP\/2026\/03\/14\/il-mercato-che-cambia-il-lavoro\/","title":{"rendered":"Il mercato che cambia il lavoro"},"content":{"rendered":"\n<p>In un mercato del lavoro sempre pi\u00f9 dinamico e attraversato da trasformazioni profonde, i cambiamenti che si sono susseguiti nel tempo non riguardano soltanto le norme che lo regolano, ma anche e soprattutto il modo in cui il lavoro viene concepito, organizzato e vissuto. Le forme contrattuali si sono progressivamente diversificate, diventando pi\u00f9 flessibili e articolate rispetto al passato; parallelamente, le imprese hanno ripensato strutture, modelli produttivi e processi decisionali per adattarsi a un contesto economico caratterizzato da competizione globale, innovazione tecnologica e continua ridefinizione dei bisogni. Anche aspetti un tempo considerati stabili, come gli orari, i percorsi di carriera e le modalit\u00e0 di remunerazione, hanno subito un\u2019evoluzione significativa, allontanandosi da quella visione lineare e prevedibile che per decenni aveva rappresentato il paradigma dominante.<\/p>\n\n\n\n<p>Il mercato del lavoro contemporaneo appare dunque come uno spazio in costante movimento, in cui domanda e offerta non si incontrano pi\u00f9 secondo schemi rigidi, ma all\u2019interno di un sistema aperto, fluido e altamente selettivo. Le imprese non possono pi\u00f9 limitarsi a offrire prodotti o servizi standardizzati, ma devono differenziarsi, innovare e migliorarsi continuamente per restare competitive. Questo processo ha inevitabilmente inciso anche sulle modalit\u00e0 di selezione e gestione delle risorse umane: si ricercano competenze sempre pi\u00f9 specifiche, capacit\u00e0 trasversali, attitudine all\u2019adattamento e disponibilit\u00e0 alla formazione continua. Il tradizionale concetto di collocamento, inteso come semplice inserimento in un posto predefinito, lascia il passo a un incontro pi\u00f9 complesso tra professionalit\u00e0 e bisogni del mercato, in cui ciascun individuo \u00e8 chiamato a diventare protagonista attivo del proprio percorso.<\/p>\n\n\n\n<p>In tale scenario, l\u2019idea del lavoro stabile e immutabile per tutta la vita si \u00e8 progressivamente ridimensionata. Se da un lato questo pu\u00f2 generare incertezza, dall\u2019altro apre spazi di autonomia e possibilit\u00e0 prima impensabili. La maggiore mobilit\u00e0 consente scelte pi\u00f9 consapevoli, percorsi professionali personalizzati, una migliore integrazione tra vita lavorativa e dimensione privata, nonch\u00e9 opportunit\u00e0 di crescita economica legate al merito e alla capacit\u00e0 di creare valore. Il mercato, in questo senso, non \u00e8 soltanto luogo di competizione, ma anche ambito di opportunit\u00e0 per chi sappia interpretarne le regole e coglierne le evoluzioni.<\/p>\n\n\n\n<p>Ci\u00f2 comporta un cambiamento culturale profondo. Non \u00e8 pi\u00f9 sufficiente possedere una preparazione di base: diventa essenziale investire costantemente nella propria formazione, aggiornare le competenze, specializzarsi in settori specifici o in nicchie ad alto valore aggiunto. La motivazione personale, la capacit\u00e0 di innovare e la volont\u00e0 di crescere professionalmente e umanamente diventano elementi determinanti in un mercato che premia la qualit\u00e0, l\u2019affidabilit\u00e0 e la visione strategica. Se in passato il rapporto tra domanda e offerta poteva apparire pi\u00f9 semplice, oggi esso \u00e8 il risultato di un equilibrio dinamico che richiede impegno, consapevolezza e spirito imprenditoriale anche da parte del singolo lavoratore.<\/p>\n\n\n\n<p>La tecnologia e la progressiva interconnessione dei mercati hanno ulteriormente ampliato gli orizzonti, rendendo possibile collaborare oltre i confini geografici e confrontarsi con standard qualitativi sempre pi\u00f9 elevati. In questo contesto, la capacit\u00e0 di offrire servizi di eccellenza e di costruire organizzazioni fondate sulla valorizzazione del capitale umano rappresenta uno dei principali fattori competitivi. Non sorprende, dunque, la diffusione di modelli organizzativi pi\u00f9 flessibili e collaborativi, in cui professionisti con competenze differenti mettono in comune esperienze e responsabilit\u00e0, condividendo obiettivi e risultati. Si afferma cos\u00ec una concezione del lavoro in cui ciascuno \u00e8 chiamato non solo a svolgere un compito, ma a contribuire in modo attivo alla crescita dell\u2019organizzazione di cui fa parte.<\/p>\n\n\n\n<p>Il mercato del lavoro, pertanto, non pu\u00f2 pi\u00f9 essere interpretato esclusivamente come un meccanismo economico regolato da contratti formali, ma come un ecosistema complesso in cui entrano in gioco fiducia, reputazione, senso di appartenenza e condivisione di valori. Accanto agli strumenti giuridici tradizionali, assumono rilevanza accordi impliciti, aspettative reciproche e quella dimensione relazionale che rende possibile una collaborazione duratura e produttiva. Le carriere individuali risultano sempre pi\u00f9 intrecciate ai destini delle imprese e, pi\u00f9 in generale, all\u2019andamento del mercato stesso. In questo nuovo orizzonte, il lavoro tende a essere percepito non soltanto come fonte di reddito, ma come occasione di realizzazione personale e contributo consapevole a un progetto collettivo, capace di generare sviluppo economico e valore sociale.<\/p>\n","protected":false},"excerpt":{"rendered":"<p>In un mercato del lavoro sempre pi\u00f9 dinamico e attraversato da trasformazioni profonde, i cambiamenti che si sono susseguiti nel tempo non riguardano soltanto le norme che lo regolano, ma anche e soprattutto il modo in cui il lavoro viene concepito, organizzato e vissuto. Le forme contrattuali si sono progressivamente diversificate, diventando pi\u00f9 flessibili e articolate rispetto al passato; parallelamente, le imprese hanno ripensato strutture, modelli produttivi e processi decisionali per adattarsi a un contesto economico caratterizzato da competizione globale, innovazione tecnologica e continua ridefinizione dei bisogni. Anche aspetti un tempo considerati stabili, come gli orari, i percorsi di carriera e le modalit\u00e0 di remunerazione,<a class=\"more-link\" href=\"https:\/\/www.operaincerta.it\/OIWP\/2026\/03\/14\/il-mercato-che-cambia-il-lavoro\/\">Read More &rarr;<\/a><\/p>\n","protected":false},"author":5,"featured_media":3056,"comment_status":"open","ping_status":"open","sticky":false,"template":"","format":"standard","meta":{"footnotes":""},"categories":[386],"tags":[],"ppma_author":[27],"class_list":{"0":"entry","1":"post","2":"publish","3":"author-salvatore","4":"post-3055","6":"format-standard","7":"has-post-thumbnail","8":"category-203-marzo-2026"},"authors":[{"term_id":27,"user_id":5,"is_guest":0,"slug":"salvatore","display_name":"Salvatore Desari","avatar_url":{"url":"https:\/\/www.operaincerta.it\/OIWP\/wp-content\/uploads\/2024\/12\/desari.jpg","url2x":"https:\/\/www.operaincerta.it\/OIWP\/wp-content\/uploads\/2024\/12\/desari.jpg"},"0":null,"1":"","2":"","3":"","4":"","5":"","6":"","7":"","8":""}],"_links":{"self":[{"href":"https:\/\/www.operaincerta.it\/OIWP\/wp-json\/wp\/v2\/posts\/3055","targetHints":{"allow":["GET"]}}],"collection":[{"href":"https:\/\/www.operaincerta.it\/OIWP\/wp-json\/wp\/v2\/posts"}],"about":[{"href":"https:\/\/www.operaincerta.it\/OIWP\/wp-json\/wp\/v2\/types\/post"}],"author":[{"embeddable":true,"href":"https:\/\/www.operaincerta.it\/OIWP\/wp-json\/wp\/v2\/users\/5"}],"replies":[{"embeddable":true,"href":"https:\/\/www.operaincerta.it\/OIWP\/wp-json\/wp\/v2\/comments?post=3055"}],"version-history":[{"count":1,"href":"https:\/\/www.operaincerta.it\/OIWP\/wp-json\/wp\/v2\/posts\/3055\/revisions"}],"predecessor-version":[{"id":3057,"href":"https:\/\/www.operaincerta.it\/OIWP\/wp-json\/wp\/v2\/posts\/3055\/revisions\/3057"}],"wp:featuredmedia":[{"embeddable":true,"href":"https:\/\/www.operaincerta.it\/OIWP\/wp-json\/wp\/v2\/media\/3056"}],"wp:attachment":[{"href":"https:\/\/www.operaincerta.it\/OIWP\/wp-json\/wp\/v2\/media?parent=3055"}],"wp:term":[{"taxonomy":"category","embeddable":true,"href":"https:\/\/www.operaincerta.it\/OIWP\/wp-json\/wp\/v2\/categories?post=3055"},{"taxonomy":"post_tag","embeddable":true,"href":"https:\/\/www.operaincerta.it\/OIWP\/wp-json\/wp\/v2\/tags?post=3055"},{"taxonomy":"author","embeddable":true,"href":"https:\/\/www.operaincerta.it\/OIWP\/wp-json\/wp\/v2\/ppma_author?post=3055"}],"curies":[{"name":"wp","href":"https:\/\/api.w.org\/{rel}","templated":true}]}}