{"id":3045,"date":"2026-03-14T00:01:00","date_gmt":"2026-03-13T23:01:00","guid":{"rendered":"https:\/\/www.operaincerta.it\/OIWP\/?p=3045"},"modified":"2026-03-04T12:18:57","modified_gmt":"2026-03-04T11:18:57","slug":"il-mercato-invisibile-come-identita-attenzione-e-dati-stanno-cambiando-leconomia-quotidiana","status":"publish","type":"post","link":"https:\/\/www.operaincerta.it\/OIWP\/2026\/03\/14\/il-mercato-invisibile-come-identita-attenzione-e-dati-stanno-cambiando-leconomia-quotidiana\/","title":{"rendered":"Il mercato invisibile: come identit\u00e0, attenzione e dati stanno cambiando l\u2019economia quotidiana"},"content":{"rendered":"\n<p>Alle 7:30 del mattino, prima ancora di alzarsi dal letto, Luisa prende il telefono, scorre velocemente lo schermo: notifiche, messaggi, qualche video breve. Senza accorgersene, in meno di cinque minuti ha gi\u00e0 attraversato decine di contenuti diversi: una ricetta, una pubblicit\u00e0 di scarpe, il reel di un personal trainer, il profilo di un ristorante appena aperto.<br>Non ha comprato nulla, eppure \u00e8 gi\u00e0 entrata nel mercato.<br>Solo che quel mercato non ha bancarelle, non ha voci sovrapposte, non ha neppure un luogo preciso: \u00e8 fatto di immagini, dati e attenzione.<br>Per secoli il mercato \u00e8 stato una scena concreta: persone che si incontrano, contrattano, offrono e comprano merci.<br>In Italia questa dimensione \u00e8 rimasta viva pi\u00f9 che altrove, tra mercati rionali e fiere locali. Ma oggi quella scena non \u00e8 scomparsa, si \u00e8 trasformata.<br>Negli ultimi anni il concetto di mercato si \u00e8 progressivamente spostato dagli oggetti alle persone.<br>Non si vendono pi\u00f9 soltanto prodotti o servizi: si vende un\u2019immagine, una competenza, una storia personale. \u00c8 quello che possiamo definire mercato di s\u00e9, uno spazio simbolico in cui l\u2019identit\u00e0 diventa una forma di capitale.<br>In passato il mercato del lavoro valutava soprattutto le competenze tecniche, i titoli di studio, l\u2019esperienza professionale.<br>Oggi questi elementi restano importanti, ma non pi\u00f9 sufficienti.<br>Sempre pi\u00f9 spesso contano altri requisiti quali la capacit\u00e0 di comunicarsi, la presenza online, la coerenza narrativa della propria immagine.<br>Il curriculum non \u00e8 pi\u00f9 solo un documento: diventa un racconto personale.<br>Piattaforme come <em>LinkedIn<\/em> mostrano chiaramente questa trasformazione: il profilo professionale si struttura come una vetrina all\u2019interno della quale ogni dettaglio contribuisce a costruire un posizionamento.<br>Con i <em>social network<\/em>, il mercato del s\u00e9 diventa esplicito: l\u2019identit\u00e0 digitale pu\u00f2 generare valore economico diretto.<br>Un esempio evidente \u00e8 quello degli <em>influencer<\/em>, figure che trasformano stile di vita, opinioni, estetica personale in contenuti monetizzabili.<br>Il caso della Ferragni, ad esempio, mostra come la persona possa diventare un vero e proprio brand, grazie soprattutto alla visibilit\u00e0 costruita su <em>Instagram.<\/em><br>Qui il mercato non riguarda pi\u00f9 un prodotto separato dall\u2019individuo: il prodotto \u00e8 l\u2019individuo stesso.<br>Nel mercato di s\u00e9 emerge un nuovo tipo di valore: la reputazione.<br><em>Like,<\/em> recensioni, <em>followers <\/em>e interazioni funzionano come indicatori di fiducia, diventano segnali di popolarit\u00e0, si trasformano in misuratori di credibilit\u00e0.<br>Gli effetti di tale fenomeno si possono misurare sull\u2019aumento delle opportunit\u00e0 lavorative, la modifica delle dinamiche di selezione, arrivando addirittura ad influenzare i compensi.<br>In diversi settori, la reputazione digitale diventa quasi pi\u00f9 importante dell\u2019esperienza tradizionale.<br>L\u2019aspetto pi\u00f9 interessante \u00e8 forse quello psicologico: nel mercato di s\u00e9 non si vendono solo competenze, ma anche personalit\u00e0, autenticit\u00e0 percepita, emozioni.<br>Questo sposta il mercato dentro l\u2019individuo in quanto la costruzione del valore passa attraverso la costruzione della propria narrazione.<br>In tal senso il mercato non \u00e8 pi\u00f9 solo uno spazio economico, diviene uno spazio identitario.<br>Il concetto di mercato di s\u00e9 si collega direttamente a un fenomeno ancora pi\u00f9 ampio: il mercato dell\u2019attenzione.<br>Se nel mercato di s\u00e9 l\u2019identit\u00e0 diventa valore, nel mercato dell\u2019attenzione il valore nasce dalla capacit\u00e0 di catturare lo sguardo degli altri.<br>L\u2019idea non \u00e8 completamente nuova. Se gi\u00e0 negli anni \u201970 l\u2019economista Herbert A. Simon osservava che, in una societ\u00e0 ricca di informazioni, la risorsa davvero scarsa sarebbe diventata l\u2019attenzione, internet ha trasformato questa intuizione in realt\u00e0.<br>Le piattaforme digitali non vendono direttamente contenuti, vendono tempo di permanenza e interazioni.<br>I social funzionano come veri e propri mercati all\u2019interno dei quali gli utenti producono contenuti, gli algoritmi distribuiscono visibilit\u00e0, le aziende acquistano attenzione pubblicitaria.<br>In questo sistema, la visibilit\u00e0 diventa capitale.<br>Per ottenere attenzione bisogna costruire un\u2019identit\u00e0 riconoscibile.<br>Nascono cos\u00ec strategie personali come storytelling della propria vita, estetica coerente, posizionamento tematico (fitness, viaggi, tecnologia, <em>etc.<\/em>).<br>L\u2019identit\u00e0 diventa mezzo di comunicazione ma che strumento economico in quanto prodotto narrativo.<br>Non si tratta pi\u00f9 solo di \u201cessere\u201d, ma di \u201cessere visibili\u201d.<br>Se nei mercati tradizionali il mediatore era il venditore, oggi \u00e8 l\u2019algoritmo. Infatti, sono le piattaforme che decidono cosa emerge, cosa resta invisibile, quali contenuti generano valore.<br>Questo crea un cambiamento radicale: il mercato non \u00e8 pi\u00f9 uno spazio neutro, ma diviene un ambiente progettato.<br>Sotto la superficie dei contenuti e delle interazioni esiste un livello ancora meno visibile: quello dei dati.<br>Ogni ricerca, ogni clic, ogni tempo di visualizzazione produce informazioni che vengono utilizzate per personalizzare contenuti e pubblicit\u00e0.<br>La studiosa Shoshana Zuboff ha definito questo sistema \u201ccapitalismo della sorveglianza\u201d, sottolineando come l\u2019esperienza personale sia diventata una risorsa economica.<br>Ecco ci\u00f2 che accade: l\u2019identit\u00e0 produce contenuti che a loro volta generano attenzione e questa attenzione genera dati che producono valore economico.<br>\u00c8 un ciclo invisibile ma continuo.<br>Il cambiamento pi\u00f9 profondo non riguarda solo la tecnologia, ma il modo in cui le persone percepiscono se stesse. Sempre pi\u00f9 spesso, comunicare significa anche posizionarsi, raccontarsi significa anche promuoversi.<br>Un tempo il mercato era un momento della giornata. Oggi \u00e8 una condizione permanente che si manifesta quando si pubblica una foto, quando si aggiorna un profilo, quando si guarda un video suggerito da un algoritmo.<br>\u00c8 diventato un ambiente culturale in cui identit\u00e0, lavoro e comunicazione coincidono.<br>La conseguenza pi\u00f9 interessante di questa trasformazione non \u00e8 tecnologica, ma culturale.<br>Se in passato il <em>marketing <\/em>vendeva prevalentemente oggetti, oggi vende soprattutto esperienze e persone.<br>Luisa, intanto, si \u00e8 alzata dal letto. Mette il telefono in tasca e si prepara per uscire. Non ha comprato nulla, ma ha gi\u00e0 lasciato tracce, preferenze, segnali.<br>Ha gi\u00e0 partecipato al mercato.<br>Solo che, questa volta, la merce \u2013 in almeno in parte \u2013 \u00e8 lei stessa.<\/p>\n","protected":false},"excerpt":{"rendered":"<p>Alle 7:30 del mattino, prima ancora di alzarsi dal letto, Luisa prende il telefono, scorre velocemente lo schermo: notifiche, messaggi, qualche video breve. Senza accorgersene, in meno di cinque minuti ha gi\u00e0 attraversato decine di contenuti diversi: una ricetta, una pubblicit\u00e0 di scarpe, il reel di un personal trainer, il profilo di un ristorante appena aperto.Non ha comprato nulla, eppure \u00e8 gi\u00e0 entrata nel mercato.Solo che quel mercato non ha bancarelle, non ha voci sovrapposte, non ha neppure un luogo preciso: \u00e8 fatto di immagini, dati e attenzione.Per secoli il mercato \u00e8 stato una scena concreta: persone che si incontrano, contrattano, offrono e comprano merci.In<a class=\"more-link\" href=\"https:\/\/www.operaincerta.it\/OIWP\/2026\/03\/14\/il-mercato-invisibile-come-identita-attenzione-e-dati-stanno-cambiando-leconomia-quotidiana\/\">Read More &rarr;<\/a><\/p>\n","protected":false},"author":43,"featured_media":3046,"comment_status":"open","ping_status":"open","sticky":false,"template":"","format":"standard","meta":{"footnotes":""},"categories":[386],"tags":[],"ppma_author":[207],"class_list":{"0":"entry","1":"post","2":"publish","3":"author-angela","4":"post-3045","6":"format-standard","7":"has-post-thumbnail","8":"category-203-marzo-2026"},"authors":[{"term_id":207,"user_id":43,"is_guest":0,"slug":"angela","display_name":"Angela Allegria","avatar_url":"https:\/\/secure.gravatar.com\/avatar\/e97c4254e59c17e5c03583b74e5298595cb4b63aa55d91b8bbaa39c9d926e03a?s=96&d=mm&r=g","0":null,"1":"","2":"","3":"","4":"","5":"","6":"","7":"","8":""}],"_links":{"self":[{"href":"https:\/\/www.operaincerta.it\/OIWP\/wp-json\/wp\/v2\/posts\/3045","targetHints":{"allow":["GET"]}}],"collection":[{"href":"https:\/\/www.operaincerta.it\/OIWP\/wp-json\/wp\/v2\/posts"}],"about":[{"href":"https:\/\/www.operaincerta.it\/OIWP\/wp-json\/wp\/v2\/types\/post"}],"author":[{"embeddable":true,"href":"https:\/\/www.operaincerta.it\/OIWP\/wp-json\/wp\/v2\/users\/43"}],"replies":[{"embeddable":true,"href":"https:\/\/www.operaincerta.it\/OIWP\/wp-json\/wp\/v2\/comments?post=3045"}],"version-history":[{"count":1,"href":"https:\/\/www.operaincerta.it\/OIWP\/wp-json\/wp\/v2\/posts\/3045\/revisions"}],"predecessor-version":[{"id":3047,"href":"https:\/\/www.operaincerta.it\/OIWP\/wp-json\/wp\/v2\/posts\/3045\/revisions\/3047"}],"wp:featuredmedia":[{"embeddable":true,"href":"https:\/\/www.operaincerta.it\/OIWP\/wp-json\/wp\/v2\/media\/3046"}],"wp:attachment":[{"href":"https:\/\/www.operaincerta.it\/OIWP\/wp-json\/wp\/v2\/media?parent=3045"}],"wp:term":[{"taxonomy":"category","embeddable":true,"href":"https:\/\/www.operaincerta.it\/OIWP\/wp-json\/wp\/v2\/categories?post=3045"},{"taxonomy":"post_tag","embeddable":true,"href":"https:\/\/www.operaincerta.it\/OIWP\/wp-json\/wp\/v2\/tags?post=3045"},{"taxonomy":"author","embeddable":true,"href":"https:\/\/www.operaincerta.it\/OIWP\/wp-json\/wp\/v2\/ppma_author?post=3045"}],"curies":[{"name":"wp","href":"https:\/\/api.w.org\/{rel}","templated":true}]}}