{"id":3037,"date":"2026-03-14T00:02:00","date_gmt":"2026-03-13T23:02:00","guid":{"rendered":"https:\/\/www.operaincerta.it\/OIWP\/?p=3037"},"modified":"2026-03-06T12:57:26","modified_gmt":"2026-03-06T11:57:26","slug":"il-mercato","status":"publish","type":"post","link":"https:\/\/www.operaincerta.it\/OIWP\/2026\/03\/14\/il-mercato\/","title":{"rendered":"Il mercato"},"content":{"rendered":"\n<p>Per tanti anni il mercato \u00e8 stato, per me, quel luogo in cui, a pochi passi da casa, bancarelle e ambulanti affollavano i mercoled\u00ec mattina. Merce a poco prezzo, cantilene in dialetto, confusione e la speranza \u2013 spesso vana \u2013 di incrociare un giocattolo conveniente.<\/p>\n\n\n\n<p>Era un luogo magico e misterioso. Ci si andava quando la scuola era chiusa e quel privilegio odorava di olive sottolio e di formaggi, aveva il colore di stoffe che solo le donne pi\u00f9 esperte sapevano valorizzare sfiorandole appena.<\/p>\n\n\n\n<p>Il mercato imponeva una passeggiata, occhi svegli, sguardi acuti.<\/p>\n\n\n\n<p>Il supermercato, l\u2019unico allora presente in citt\u00e0, non aveva lo stesso fascino. Anzi, nella sua rassicurante monotonia, rappresentava per noi bambini una piccola tortura. A meno di non ottenere il permesso \u2013 rarissimo \u2013 di manovrare il carrello e salirci in groppa, guidati da rotelle e fantasia.<\/p>\n\n\n\n<p>Oggi il mercato del mercoled\u00ec quasi non esiste pi\u00f9: poche bancarelle sfilacciate sfidano il vento di una contrada di periferia. I supermercati sono ormai \u201ciper\u201d e hanno invaso molti spazi della citt\u00e0 con offerte sempre pi\u00f9 allettanti.<\/p>\n\n\n\n<p>I centri commerciali hanno devastato il tessuto commerciale della citt\u00e0, fino a fagocitare perfino se stessi. L\u2019acquisto online, infatti, ha cancellato finanche la fatica del cammino insieme al piacevole imprevisto dell\u2019incontro.<\/p>\n\n\n\n<p>Ma non \u00e8 tutto, perch\u00e9 sopra questo livello che ancora riusciamo a intuire, si muove un mercato invisibile e incomprensibile ai pi\u00f9. \u00c8 quello dell\u2019alta finanza, dove non si vendono olive profumate o stoffe pi\u00f9 o meno dozzinali. Si vendono pacchetti di titoli, previsioni, algoritmi, informazioni. Soprattutto si mercanteggia sui dati: i nostri dati. Quegli stessi che noi consegniamo online alla moltitudine di siti che ci chiede informazioni, numeri di telefono, fotografie, taglie, squadra del cuore, analisi cliniche e via profilando.<\/p>\n\n\n\n<p>Capitali incalcolabili che si spostano in un secondo e possono decidere il destino di intere comunit\u00e0.<\/p>\n\n\n\n<p>La scomparsa della relazione, della trattativa anche snervante per strappare un prezzo migliore, \u00e8 ormai un dato di fatto.<\/p>\n\n\n\n<p>Ma esiste ancora qualcosa che non sia in vendita? \u00c8 ancora possibile custodire uno spazio intimo che non abbia prezzo?<\/p>\n\n\n\n<p>Ce lo chiediamo in queste pagine di operaincerta.it che non vuole i vostri nomi, non vuole conoscere il vostro indirizzo e, soprattutto, vi si offre gratuitamente alla lettura. Non tutto ci\u00f2 che ha valore deve avere un prezzo.<\/p>\n\n\n\n<hr class=\"wp-block-separator has-alpha-channel-opacity\"\/>\n\n\n\n<p><a id=\"_msocom_1\"><\/a><\/p>\n\n\n\n<p><\/p>\n","protected":false},"excerpt":{"rendered":"<p>Per tanti anni il mercato \u00e8 stato, per me, quel luogo in cui, a pochi passi da casa, bancarelle e ambulanti affollavano i mercoled\u00ec mattina. Merce a poco prezzo, cantilene in dialetto, confusione e la speranza \u2013 spesso vana \u2013 di incrociare un giocattolo conveniente. Era un luogo magico e misterioso. Ci si andava quando la scuola era chiusa e quel privilegio odorava di olive sottolio e di formaggi, aveva il colore di stoffe che solo le donne pi\u00f9 esperte sapevano valorizzare sfiorandole appena. Il mercato imponeva una passeggiata, occhi svegli, sguardi acuti. Il supermercato, l\u2019unico allora presente in citt\u00e0, non aveva lo stesso fascino.<a class=\"more-link\" href=\"https:\/\/www.operaincerta.it\/OIWP\/2026\/03\/14\/il-mercato\/\">Read More &rarr;<\/a><\/p>\n","protected":false},"author":28,"featured_media":3093,"comment_status":"open","ping_status":"open","sticky":false,"template":"","format":"standard","meta":{"footnotes":""},"categories":[386],"tags":[61,385,62],"ppma_author":[8],"class_list":{"0":"entry","1":"post","2":"publish","3":"author-antonio","4":"post-3037","6":"format-standard","7":"has-post-thumbnail","8":"category-203-marzo-2026","9":"post_tag-editoriale","10":"post_tag-mercato","11":"post_tag-operaincerta"},"authors":[{"term_id":8,"user_id":0,"is_guest":1,"slug":"antonio","display_name":"Antonio La Monica","avatar_url":{"url":"https:\/\/www.operaincerta.it\/OIWP\/wp-content\/uploads\/2024\/12\/lamonica.jpg","url2x":"https:\/\/www.operaincerta.it\/OIWP\/wp-content\/uploads\/2024\/12\/lamonica.jpg"},"0":null,"1":"","2":"","3":"","4":"","5":"","6":"","7":"","8":""}],"_links":{"self":[{"href":"https:\/\/www.operaincerta.it\/OIWP\/wp-json\/wp\/v2\/posts\/3037","targetHints":{"allow":["GET"]}}],"collection":[{"href":"https:\/\/www.operaincerta.it\/OIWP\/wp-json\/wp\/v2\/posts"}],"about":[{"href":"https:\/\/www.operaincerta.it\/OIWP\/wp-json\/wp\/v2\/types\/post"}],"author":[{"embeddable":true,"href":"https:\/\/www.operaincerta.it\/OIWP\/wp-json\/wp\/v2\/users\/28"}],"replies":[{"embeddable":true,"href":"https:\/\/www.operaincerta.it\/OIWP\/wp-json\/wp\/v2\/comments?post=3037"}],"version-history":[{"count":4,"href":"https:\/\/www.operaincerta.it\/OIWP\/wp-json\/wp\/v2\/posts\/3037\/revisions"}],"predecessor-version":[{"id":3077,"href":"https:\/\/www.operaincerta.it\/OIWP\/wp-json\/wp\/v2\/posts\/3037\/revisions\/3077"}],"wp:featuredmedia":[{"embeddable":true,"href":"https:\/\/www.operaincerta.it\/OIWP\/wp-json\/wp\/v2\/media\/3093"}],"wp:attachment":[{"href":"https:\/\/www.operaincerta.it\/OIWP\/wp-json\/wp\/v2\/media?parent=3037"}],"wp:term":[{"taxonomy":"category","embeddable":true,"href":"https:\/\/www.operaincerta.it\/OIWP\/wp-json\/wp\/v2\/categories?post=3037"},{"taxonomy":"post_tag","embeddable":true,"href":"https:\/\/www.operaincerta.it\/OIWP\/wp-json\/wp\/v2\/tags?post=3037"},{"taxonomy":"author","embeddable":true,"href":"https:\/\/www.operaincerta.it\/OIWP\/wp-json\/wp\/v2\/ppma_author?post=3037"}],"curies":[{"name":"wp","href":"https:\/\/api.w.org\/{rel}","templated":true}]}}