{"id":2531,"date":"2025-12-14T00:01:00","date_gmt":"2025-12-13T23:01:00","guid":{"rendered":"https:\/\/www.operaincerta.it\/OIWP\/?p=2531"},"modified":"2025-12-12T08:17:38","modified_gmt":"2025-12-12T07:17:38","slug":"passi-illuminati","status":"publish","type":"post","link":"https:\/\/www.operaincerta.it\/OIWP\/2025\/12\/14\/passi-illuminati\/","title":{"rendered":"Passi illuminati"},"content":{"rendered":"\n<p>I primi passi non sono uguali per tutti.<br>Lo osserviamo ogni giorno in comunit\u00e0, dove i ragazzi al loro arrivo si pongono in maniera diversa, ognuno in linea con le proprie caratteristiche personali, cosi come succede ad ognuno di noi allorch\u00e9 veniamo inseriti in un nuovo contesto. Generalmente facciamo emergere con pi\u00f9 forza i nostri limiti e le nostre attitudini, parimenti i giovani ospiti dei centri di accoglienza portano in dote qualcosa di s\u00e9 stessi. C&#8217;\u00e8 chi \u00e8 pi\u00f9 estroverso, chi pi\u00f9 timido, chi si adatta subito, chi vuole capire immediatamente dove \u00e8 finito tempestandoci di domande.<br>E c&#8217;\u00e8 chi va semplicemente a dormire!<br>Gli scenari comuni sono facilmente immaginabili, ma ogni tanto capita qualcosa di atipico. Coloro che hanno sub\u00ecto tante sofferenze nella vita, riescono ancora a sognare e, chiss\u00e0 perch\u00e9, credono e sperano nel futuro.<br>\u00c8 il caso di Mohamed, entrato in comunit\u00e0 in punta di piedi. Lo caratterizzava una timidezza invalidante, era cupo, analfabeta e spaventato.<br>Una storia terribile alle spalle: aveva visto morire il padre davanti ai suoi occhi a causa dei &#8220;ribelli&#8221;, e la madre era rimasta vittima di un &#8220;banale&#8221; incidente stradale. La vita aveva cos\u00ec strappato a Mohamed affetto e punti di riferimento.<br>Questo ragazzo cos\u00ec vulnerabile incurios\u00ec da subito tutti gli operatori, anche perch\u00e9 non parlava mai e non stava mai fermo. Lo si vedeva girare con una scopa in mano, o magari spolverare forsennatamente o aiutare convulsamente in cucina. Spesso puliva sul pulito.<br>Col tempo scoprimmo che lo faceva &#8220;per non pensare&#8221;, cos\u00ec diceva. Preferiva riempire il tempo in azioni per paura di rimanere solo coi suoi pensieri che affluivano prorompenti nei momenti di noia e vuoto. Temeva che la sua mente lo riportasse a quegli attimi, a rivivere quelle scene violente e indelebili che si erano impresse nella sua memoria e che albergavano nella sua anima.<br>Di notte faticava a prender sonno e quando ci riusciva, non prima delle luci dell&#8217;alba, lo faceva mantenendo rigorosamente la luce della lampada accesa.<br>Aveva paura del buio come un bambino, ma non poteva pi\u00f9 chiedere alla mamma di dormire con lei.<br>In questi casi le solerti regole della comunit\u00e0 lasciano il campo al buon senso. La priorit\u00e0 per noi diventa lasciare spazio a questi ragazzi, far sentire loro la nostra vicinanza ma senza pressioni, semplicemente in silenzio, con piccoli gesti di accoglienza e qualche sorriso.<br>Mohamed cominci\u00f2 pian piano a fare i suoi primi passi. Fu una grande gioia quando in modo concitato e nel suo &#8220;dialetto fula&#8221;, chiese se poteva andare a pregare in moschea insieme agli altri ragazzi.<br>Con il passare dei mesi, fu indescrivibile la commozione nell&#8217; accompagnare questo ragazzo a fare nuove amicizie, a cominciare a ridere, giocare e divertirsi\u2026fu bello persino vederlo litigare!<br>Oggi Mohamed, a distanza di 5 anni, ha lasciato l&#8217;accoglienza e lavora in un noto ristorante della citt\u00e0, vive in una casa in affitto e si \u00e8 da poco fidanzato con una ragazza italiana.<br>Forse il buio non gli fa pi\u00f9 paura ma, per sicurezza, in casa sua c&#8217;\u00e8 sempre una piccola luce accesa.<\/p>\n","protected":false},"excerpt":{"rendered":"<p>I primi passi non sono uguali per tutti.Lo osserviamo ogni giorno in comunit\u00e0, dove i ragazzi al loro arrivo si pongono in maniera diversa, ognuno in linea con le proprie caratteristiche personali, cosi come succede ad ognuno di noi allorch\u00e9 veniamo inseriti in un nuovo contesto. Generalmente facciamo emergere con pi\u00f9 forza i nostri limiti e le nostre attitudini, parimenti i giovani ospiti dei centri di accoglienza portano in dote qualcosa di s\u00e9 stessi. C&#8217;\u00e8 chi \u00e8 pi\u00f9 estroverso, chi pi\u00f9 timido, chi si adatta subito, chi vuole capire immediatamente dove \u00e8 finito tempestandoci di domande.E c&#8217;\u00e8 chi va semplicemente a dormire!Gli scenari comuni sono<a class=\"more-link\" href=\"https:\/\/www.operaincerta.it\/OIWP\/2025\/12\/14\/passi-illuminati\/\">Read More &rarr;<\/a><\/p>\n","protected":false},"author":9,"featured_media":2532,"comment_status":"open","ping_status":"open","sticky":false,"template":"","format":"standard","meta":{"footnotes":""},"categories":[293],"tags":[],"ppma_author":[34,24],"class_list":{"0":"entry","1":"post","2":"publish","3":"author-giuseppe","4":"post-2531","6":"format-standard","7":"has-post-thumbnail","8":"category-200-dicembre-2025"},"authors":[{"term_id":34,"user_id":9,"is_guest":0,"slug":"giuseppe","display_name":"Giuseppe Scuderi","avatar_url":"https:\/\/secure.gravatar.com\/avatar\/807b9e1876e785005fb5379278d0a7bcbc3e93395c72c21054c30638def86942?s=96&d=mm&r=g","0":null,"1":"","2":"","3":"","4":"","5":"","6":"","7":"","8":""},{"term_id":24,"user_id":31,"is_guest":0,"slug":"notoscuderi","display_name":"Maria Bruna Noto","avatar_url":{"url":"https:\/\/www.operaincerta.it\/OIWP\/wp-content\/uploads\/2024\/12\/noto.jpg","url2x":"https:\/\/www.operaincerta.it\/OIWP\/wp-content\/uploads\/2024\/12\/noto.jpg"},"0":null,"1":"","2":"","3":"","4":"","5":"","6":"","7":"","8":""}],"_links":{"self":[{"href":"https:\/\/www.operaincerta.it\/OIWP\/wp-json\/wp\/v2\/posts\/2531","targetHints":{"allow":["GET"]}}],"collection":[{"href":"https:\/\/www.operaincerta.it\/OIWP\/wp-json\/wp\/v2\/posts"}],"about":[{"href":"https:\/\/www.operaincerta.it\/OIWP\/wp-json\/wp\/v2\/types\/post"}],"author":[{"embeddable":true,"href":"https:\/\/www.operaincerta.it\/OIWP\/wp-json\/wp\/v2\/users\/9"}],"replies":[{"embeddable":true,"href":"https:\/\/www.operaincerta.it\/OIWP\/wp-json\/wp\/v2\/comments?post=2531"}],"version-history":[{"count":2,"href":"https:\/\/www.operaincerta.it\/OIWP\/wp-json\/wp\/v2\/posts\/2531\/revisions"}],"predecessor-version":[{"id":2542,"href":"https:\/\/www.operaincerta.it\/OIWP\/wp-json\/wp\/v2\/posts\/2531\/revisions\/2542"}],"wp:featuredmedia":[{"embeddable":true,"href":"https:\/\/www.operaincerta.it\/OIWP\/wp-json\/wp\/v2\/media\/2532"}],"wp:attachment":[{"href":"https:\/\/www.operaincerta.it\/OIWP\/wp-json\/wp\/v2\/media?parent=2531"}],"wp:term":[{"taxonomy":"category","embeddable":true,"href":"https:\/\/www.operaincerta.it\/OIWP\/wp-json\/wp\/v2\/categories?post=2531"},{"taxonomy":"post_tag","embeddable":true,"href":"https:\/\/www.operaincerta.it\/OIWP\/wp-json\/wp\/v2\/tags?post=2531"},{"taxonomy":"author","embeddable":true,"href":"https:\/\/www.operaincerta.it\/OIWP\/wp-json\/wp\/v2\/ppma_author?post=2531"}],"curies":[{"name":"wp","href":"https:\/\/api.w.org\/{rel}","templated":true}]}}