{"id":2489,"date":"2025-12-14T00:01:00","date_gmt":"2025-12-13T23:01:00","guid":{"rendered":"https:\/\/www.operaincerta.it\/OIWP\/?p=2489"},"modified":"2025-12-12T09:50:05","modified_gmt":"2025-12-12T08:50:05","slug":"dieci-passi-verso-larcobaleno","status":"publish","type":"post","link":"https:\/\/www.operaincerta.it\/OIWP\/2025\/12\/14\/dieci-passi-verso-larcobaleno\/","title":{"rendered":"Dieci passi verso l&#8217;arcobaleno"},"content":{"rendered":"\n<p>I passi dal marciapiede opposto alla saracinesca alzata a met\u00e0 erano pochi. Una decina, in media. Sar\u00e0 che ho sempre avuto la camminata veloce&#8230; ma una decina. Non sotto i nove, ok. Ma a dodici non ci si arrivava davvero. Un po&#8217; come quando al liceo, in matematica, studiavi quelle operazioni con l&#8217;intervallo. In casi come questo avresti dovuto scrivere &#8220;9 \u2264 x \u2264 11&#8221;. Se mi avessero detto, durante l&#8217;adolescenza, che quella formula avrebbe descritto un aspetto della mia vita non ci avrei mai creduto. E pensi che \u00e8 vero quando ti dicono che la cultura <em>non serve<\/em>. Nel senso che non si fa asservire. \u00c8 un insieme di mattoncini che costruisce ci\u00f2 che sei. E in ci\u00f2 che ero, c&#8217;era anche quel momento fatto di dieci passi. Dieci passi che mi separavano da ci\u00f2 che ero stato fino a quel momento a ci\u00f2 che sarei diventato dopo.<\/p>\n\n\n\n<h2 class=\"wp-block-heading\">Voci poco gentili<\/h2>\n\n\n\n<p>Va da s\u00e9: descrivere chi ero, prima di quel momento, sarebbe impresa impegnativa e anche un po&#8217; egotica. Dico, le autobiografie solo se hai provato a cambiare il mondo da una posizione di privilegio assoluto. Non \u00e8 il mio caso, insomma. Anche se vivo le mie fette di privilegio e anche se ci provo a cambiare il mondo. Ma se dovessi usare alcune parole chiave, tra le prime che mi vengono in mente \u2013 in quello che \u00e8, se non ve ne foste ancora accort\u0259, un flusso di coscienza \u2013 c&#8217;\u00e8 <em>&#8220;voci&#8221;<\/em>. Nel senso che per un po&#8217;, nella mia adolescenza, le ho sentite. Le voci, dico. Di due tipi: quelle fuori di me e quelle dentro di me. Le prime non erano gentili, per niente. Perch\u00e9 tutto il mondo, l\u00e0 fuori, ci teneva a farmi sapere quanto gli facessi schifo. E allora gli accostamenti a ben famosi ortaggi, l&#8217;assimilazione al siciliano <em>puppu<\/em> (polpo) \u2013 che significa &#8220;omosessuale&#8221;, ma senza nessuna concessione all&#8217;ironia o alla mera descrizione \u2013 e altre amenit\u00e0 erano per me vita ordinaria. Poi c&#8217;erano le altre, quelle che si agitavano dentro. E no, non erano gentili nemmeno in quest&#8217;ultimo caso.<\/p>\n\n\n\n<h2 class=\"wp-block-heading\">Il ponticello<\/h2>\n\n\n\n<p>Un giorno ero in camera mia. Mia madre era di l\u00e0, credo in cucina. Mio padre in camera da letto, a leggere. Stavo al computer e scrivevo. Passavo tanto tempo a scrivere. Poesie, romanzi, roba illeggibile. La mia stanza stava al quinto piano di un palazzo, al di sotto del quale c&#8217;era un cortile interno con un ponticello che univa i due plessi del condominio. Al di sotto, un tunnel scavato nella roccia che conduceva ai garage. A un certo punto le voci. Dal ponticello. Che urlavano, cantilenando: \u00abDario \u00e8 frocio, Dario \u00e8 frocio\u00bb. <\/p>\n\n\n\n<h2 class=\"wp-block-heading\">Schegge sotto pelle<\/h2>\n\n\n\n<p>Ora, immaginate la mia situazione. Affrontare i bulli, che erano venuti a dedicarmi la loro serenata omofoba sotto il balcone, o le domande dei miei che mi avrebbero chiesto come mai quella gente mi insultasse? A quale mondo dovevo rinunciare? Quello in cui, in un certo qual modo potevo stare al sicuro, o il mondo l\u00e0 fuori che mi sarebbe stato precluso per sempre se avessi reagito? Alla fine scelsi la cosa pi\u00f9 sicura: feci i miei passi \u2013 meno di dieci, a questo giro \u2013 verso il finestrone, aprii e quando mi affacciai per urlar loro di smettere le voci svanirono. Non c&#8217;era nessuno sul ponticello. Le voci stavano tutte dentro la mia testa. Non poteva essere altrimenti, visto che per anni gli altri avevano fatto di tutto per conficcarcele dentro. Come schegge sotto pelle.<\/p>\n\n\n\n<h2 class=\"wp-block-heading\">La parola pi\u00f9 forte di tutte<\/h2>\n\n\n\n<p>Fu l\u00ec che accadde l&#8217;inevitabile. Guardai gi\u00f9, dal quinto piano. &#8220;Un solo passo&#8221; dissi tra me e me, &#8220;e questa merda finisce&#8221;. Un saltino, nulla di pi\u00f9. Certo, ossa rotte e forse sangue. Tanto sangue. Tutto sarebbe dipeso dall&#8217;atterraggio. Ma poi, finalmente, il silenzio. Il silenzio sulle voci, sul bullismo, sull&#8217;omofobia che erano state la forma principale di relazione sociale quando ero stato adolescente. Sarebbe bastato solo un passo verso il vuoto. Poi per\u00f2, sempre da dentro, una voce si fece ancora pi\u00f9 forte, sovrastando tutte le altre.<\/p>\n\n\n\n<p><em>\u00abNo!\u00bb<\/em><\/p>\n\n\n\n<p>No, non era quello il mio destino. \u00c8 come se quella voce, che poi era la mia, mi riconducesse alla ragione e sovrastasse tutte le altre. Anzi, di pi\u00f9: come se mi riconducesse alla vita. Come potrete immaginare, altrimenti non sarei qui a raccontarvelo, quello fu un passo che fortunatamente non feci. E imparai il valore della parola pi\u00f9 forte di tutte, in quel momento della mia vita. Una parola che dava un segno opposto a tutte le narrazioni che erano state fatte di me fino a quel momento. Credo che fu l\u00ec che cominciai a reagire. Pian piano, un passo alla volta.<\/p>\n\n\n\n<h2 class=\"wp-block-heading\">Via Gargano 33<\/h2>\n\n\n\n<p>Poi le cose sono andate come sono andate. I primi coming out con le amiche, qualche amore sbagliato, i primi passi tutti goffi e imperfetti. Fino a quando, quel giorno del 13 gennaio del 1998, andai in via Gargano al numero 33, a Catania. L\u00ec c&#8217;era la sede di Open Mind, forse l&#8217;unica associazione Lgbtqia+ della citt\u00e0 all&#8217;epoca. Inutile dire che mica andai e entrai subito. Ci volle un&#8217;oretta, prima di suonare al citofono. Vai e vieni, avanti e indietro. Non era semplice paura. Puoi aver paura di fare le montagne russe, ma alla fine le fai. O di saltare dallo scivolo dell&#8217;aquapark. E anche l\u00ec, ti butti. Non fu paura, in quel caso. Era una cosa pi\u00f9 tipo <em>Matrix<\/em>. Pillola rossa o pillola blu. E benvenut\u0259 nella tana del Bianconiglio. Nulla sarebbe stato pi\u00f9 come prima. Anche perch\u00e9, dopo anni di insulti, quel &#8220;frocio&#8221; l&#8217;avrei scritto io su una spilletta esistenziale e me lo sarei appuntato al petto con orgoglio. E in effetti, cos\u00ec \u00e8 stato. Quindi feci quei dieci passi. Non pi\u00f9 di undici, dai. Verso l&#8217;arcobaleno. Suonai il campanello e il resto \u00e8 ci\u00f2 che sono stato negli ultimi ventisette \u2013 quasi ventotto \u2013 anni. <\/p>\n\n\n\n<h2 class=\"wp-block-heading\">In direzione opposta<\/h2>\n\n\n\n<p>Se scrivo tutto questo c&#8217;\u00e8 una ragione. In questi giorni, ai piani alti, chi vive in una posizione di privilegio assoluto e potrebbe cambiare il mondo ha deciso che non si potr\u00e0 fare educazione sessuale e affettiva a scuola. La stessa che sarebbe servita ai miei tempi per evitare che quelle voci di chi ho parlato si conficcassero tra i pensieri. E che certi pensieri suggerissero di fare un passo definitivo. Certo io sono stato sia fortunato, sia forte. Ma forza e fortuna sono accidenti, non virt\u00f9. E il coraggio \u00e8 un&#8217;arte che impari giorno per giorno, non certo un dovere. E in questi anni, molti ragazzi non hanno avuto la forza e il passo nel vuoto, nell&#8217;abisso, l&#8217;hanno compiuto. E oggi non ci sono pi\u00f9.<\/p>\n\n\n\n<p>Chi sta in alto, a parer mio, dovrebbe fare in modo di costruire un tempo di qualit\u00e0, che sia anche quanto pi\u00f9 lungo possibile. Non sono tempi di lungimiranza, evidentemente. E sto di nuovo divagando. Ma vorr\u00e0 dire che faremo dei passi in direzione opposta. E che verranno pronunciati altri &#8220;no&#8221; rispetto a una narrazione che si sta tentando di imporre nelle nostre scuole e nelle vite di migliaia di adolescenti.<\/p>\n","protected":false},"excerpt":{"rendered":"<p>I passi dal marciapiede opposto alla saracinesca alzata a met\u00e0 erano pochi. Una decina, in media. Sar\u00e0 che ho sempre avuto la camminata veloce&#8230; ma una decina. Non sotto i nove, ok. Ma a dodici non ci si arrivava davvero. Un po&#8217; come quando al liceo, in matematica, studiavi quelle operazioni con l&#8217;intervallo. In casi come questo avresti dovuto scrivere &#8220;9 \u2264 x \u2264 11&#8221;. Se mi avessero detto, durante l&#8217;adolescenza, che quella formula avrebbe descritto un aspetto della mia vita non ci avrei mai creduto. E pensi che \u00e8 vero quando ti dicono che la cultura non serve. Nel senso che non si fa<a class=\"more-link\" href=\"https:\/\/www.operaincerta.it\/OIWP\/2025\/12\/14\/dieci-passi-verso-larcobaleno\/\">Read More &rarr;<\/a><\/p>\n","protected":false},"author":44,"featured_media":2492,"comment_status":"open","ping_status":"open","sticky":false,"template":"","format":"standard","meta":{"footnotes":""},"categories":[293],"tags":[],"ppma_author":[294],"class_list":{"0":"entry","1":"post","2":"publish","3":"author-dario","4":"post-2489","6":"format-standard","7":"has-post-thumbnail","8":"category-200-dicembre-2025"},"authors":[{"term_id":294,"user_id":44,"is_guest":0,"slug":"dario","display_name":"Dario Accolla","avatar_url":"https:\/\/secure.gravatar.com\/avatar\/cff01c17bf5775637ca93a89008954221c6e89d2ce44f3c9066ca93514fdfbd2?s=96&d=mm&r=g","0":null,"1":"","2":"","3":"","4":"","5":"","6":"","7":"","8":""}],"_links":{"self":[{"href":"https:\/\/www.operaincerta.it\/OIWP\/wp-json\/wp\/v2\/posts\/2489","targetHints":{"allow":["GET"]}}],"collection":[{"href":"https:\/\/www.operaincerta.it\/OIWP\/wp-json\/wp\/v2\/posts"}],"about":[{"href":"https:\/\/www.operaincerta.it\/OIWP\/wp-json\/wp\/v2\/types\/post"}],"author":[{"embeddable":true,"href":"https:\/\/www.operaincerta.it\/OIWP\/wp-json\/wp\/v2\/users\/44"}],"replies":[{"embeddable":true,"href":"https:\/\/www.operaincerta.it\/OIWP\/wp-json\/wp\/v2\/comments?post=2489"}],"version-history":[{"count":2,"href":"https:\/\/www.operaincerta.it\/OIWP\/wp-json\/wp\/v2\/posts\/2489\/revisions"}],"predecessor-version":[{"id":2547,"href":"https:\/\/www.operaincerta.it\/OIWP\/wp-json\/wp\/v2\/posts\/2489\/revisions\/2547"}],"wp:featuredmedia":[{"embeddable":true,"href":"https:\/\/www.operaincerta.it\/OIWP\/wp-json\/wp\/v2\/media\/2492"}],"wp:attachment":[{"href":"https:\/\/www.operaincerta.it\/OIWP\/wp-json\/wp\/v2\/media?parent=2489"}],"wp:term":[{"taxonomy":"category","embeddable":true,"href":"https:\/\/www.operaincerta.it\/OIWP\/wp-json\/wp\/v2\/categories?post=2489"},{"taxonomy":"post_tag","embeddable":true,"href":"https:\/\/www.operaincerta.it\/OIWP\/wp-json\/wp\/v2\/tags?post=2489"},{"taxonomy":"author","embeddable":true,"href":"https:\/\/www.operaincerta.it\/OIWP\/wp-json\/wp\/v2\/ppma_author?post=2489"}],"curies":[{"name":"wp","href":"https:\/\/api.w.org\/{rel}","templated":true}]}}