{"id":2445,"date":"2025-12-14T00:01:00","date_gmt":"2025-12-13T23:01:00","guid":{"rendered":"https:\/\/www.operaincerta.it\/OIWP\/?p=2445"},"modified":"2025-12-16T15:21:01","modified_gmt":"2025-12-16T14:21:01","slug":"io-cammino","status":"publish","type":"post","link":"https:\/\/www.operaincerta.it\/OIWP\/2025\/12\/14\/io-cammino\/","title":{"rendered":"Io cammino"},"content":{"rendered":"\n<p>Quanti passi mancano all&#8217;arrivo? \u00c8 una questione di gambe, della loro lunghezza, della falcata. Ci siamo quasi, mi dicono, ma non me ne accorgo nemmeno, sono troppo concentrato a misurare il mio passo, ad aumentarne la velocit\u00e0, che poi \u00e8 una questione di frequenza. Ma io non frequento nessuno, cammino da solo, non preoccupandomi del percorso, penso a rimanere in piedi, a non inciampare. Ma quanti passi mancano all&#8217;arrivo? Non ne sono certo, pare che non sia distante, ma la prospettiva \u00e8 un po&#8217; distorta e mi sfuggono le proporzioni tra le cose e, per questo, dispero di arrivare. Nel frattempo percorro spazi sempre pi\u00f9 ampi, mi perdo nell&#8217;interminato e mi convinco di non poter arrivare.<br>Beh, allora quanti passi mancano all&#8217;arrivo? Pochi in realt\u00e0, ma sono in salita, la pendenza \u00e8 scoraggiante e io sono pigro, penso che far\u00f2 una sosta, del resto sto per arrivare.<br>Quanti passi mancano dunque? Cento, mille, ottomilaventisette, o forse solo dieci, c&#8217;\u00e8 una curva a gomito e non riesco a realizzare, non comprendo se mi avvicino o fatalmente mi allontano, passo dopo passo, velocizzando e rallentando, allungando o accorciando la falcata, forse continuo a girare in tondo.<br>Quanti passi mancano infine? Nessuno, sono arrivato.<\/p>\n\n\n\n<p>I miei passi, lunghi o corti che siano, li ho sempre raccontati, su riviste on-line, su blog personali (\u00e8 il caso delle prime righe), su video in pagine Facebook, declinandoli come percorsi o come possibilit\u00e0, anche quella di tornare indietro, fatti su strade giuste o sbagliate, sfiancanti o ricostituenti. I miei passi sono metafora e realt\u00e0, il mezzo con cui misuro i miei progressi e le mie deviazioni.<\/p>\n\n\n\n<p>Mentre cammino penso e lo faccio in libert\u00e0, senza vincoli, isolato dentro i rumori del mare che spesso mi ritrovo di fianco, o anche nella confusione di chiacchiere e rumori di una citt\u00e0, se cammino da solo sento i miei pensieri. Il mio pensare che certifica la mia presenza nel mondo, la mia autoanalisi, il mio percorrere i meandri del mio inconscio, che si rivelano accessibili quando sono in questo stato di meditazione. Io cammino, dunque esisto.<\/p>\n\n\n\n<p>Ma cammino e guardo lo scorrere delle cose intorno a me, non fisso i miei occhi sulle mie scarpe o sugli ostacoli, penso ma rimango vigile e aperto all\u2019incontro. C\u2019\u00e8 stato un tempo, e ne ho scritto altrove, in cui camminavo alla ricerca di un evento miracoloso che cambiasse la mia vita, senza rendermi conto che spostarmi camminando mi ha portato altrove e, forse, il miracolo l\u2019ho trovato.<\/p>\n\n\n\n<p>Cammino e penso, cammino e guardo, cammino e respiro e respirando trasformo il mio esistere. Camminando, infine, invecchio, mi avvicino lentamente alla mia meta e forse invecchiando rallentiamo proprio per allontanarci dalla conclusione e le conclusioni sono banali.<\/p>\n","protected":false},"excerpt":{"rendered":"<p>Quanti passi mancano all&#8217;arrivo? \u00c8 una questione di gambe, della loro lunghezza, della falcata. Ci siamo quasi, mi dicono, ma non me ne accorgo nemmeno, sono troppo concentrato a misurare il mio passo, ad aumentarne la velocit\u00e0, che poi \u00e8 una questione di frequenza. Ma io non frequento nessuno, cammino da solo, non preoccupandomi del percorso, penso a rimanere in piedi, a non inciampare. Ma quanti passi mancano all&#8217;arrivo? Non ne sono certo, pare che non sia distante, ma la prospettiva \u00e8 un po&#8217; distorta e mi sfuggono le proporzioni tra le cose e, per questo, dispero di arrivare. Nel frattempo percorro spazi sempre pi\u00f9<a class=\"more-link\" href=\"https:\/\/www.operaincerta.it\/OIWP\/2025\/12\/14\/io-cammino\/\">Read More &rarr;<\/a><\/p>\n","protected":false},"author":22,"featured_media":2446,"comment_status":"open","ping_status":"open","sticky":false,"template":"","format":"standard","meta":{"footnotes":""},"categories":[293],"tags":[],"ppma_author":[26],"class_list":{"0":"entry","1":"post","2":"publish","3":"author-giovanni","4":"post-2445","6":"format-standard","7":"has-post-thumbnail","8":"category-200-dicembre-2025"},"authors":[{"term_id":26,"user_id":22,"is_guest":0,"slug":"giovanni","display_name":"Scerbachenko","avatar_url":"https:\/\/secure.gravatar.com\/avatar\/b6c8f1985238c0ca59a15c5ddb006fba0b523576f3a041e460caaf4b72b7bbfa?s=96&d=mm&r=g","0":null,"1":"","2":"","3":"","4":"","5":"","6":"","7":"","8":""}],"_links":{"self":[{"href":"https:\/\/www.operaincerta.it\/OIWP\/wp-json\/wp\/v2\/posts\/2445","targetHints":{"allow":["GET"]}}],"collection":[{"href":"https:\/\/www.operaincerta.it\/OIWP\/wp-json\/wp\/v2\/posts"}],"about":[{"href":"https:\/\/www.operaincerta.it\/OIWP\/wp-json\/wp\/v2\/types\/post"}],"author":[{"embeddable":true,"href":"https:\/\/www.operaincerta.it\/OIWP\/wp-json\/wp\/v2\/users\/22"}],"replies":[{"embeddable":true,"href":"https:\/\/www.operaincerta.it\/OIWP\/wp-json\/wp\/v2\/comments?post=2445"}],"version-history":[{"count":2,"href":"https:\/\/www.operaincerta.it\/OIWP\/wp-json\/wp\/v2\/posts\/2445\/revisions"}],"predecessor-version":[{"id":2578,"href":"https:\/\/www.operaincerta.it\/OIWP\/wp-json\/wp\/v2\/posts\/2445\/revisions\/2578"}],"wp:featuredmedia":[{"embeddable":true,"href":"https:\/\/www.operaincerta.it\/OIWP\/wp-json\/wp\/v2\/media\/2446"}],"wp:attachment":[{"href":"https:\/\/www.operaincerta.it\/OIWP\/wp-json\/wp\/v2\/media?parent=2445"}],"wp:term":[{"taxonomy":"category","embeddable":true,"href":"https:\/\/www.operaincerta.it\/OIWP\/wp-json\/wp\/v2\/categories?post=2445"},{"taxonomy":"post_tag","embeddable":true,"href":"https:\/\/www.operaincerta.it\/OIWP\/wp-json\/wp\/v2\/tags?post=2445"},{"taxonomy":"author","embeddable":true,"href":"https:\/\/www.operaincerta.it\/OIWP\/wp-json\/wp\/v2\/ppma_author?post=2445"}],"curies":[{"name":"wp","href":"https:\/\/api.w.org\/{rel}","templated":true}]}}