{"id":1902,"date":"2025-09-14T00:01:00","date_gmt":"2025-09-13T22:01:00","guid":{"rendered":"https:\/\/www.operaincerta.it\/OIWP\/?p=1902"},"modified":"2025-09-12T08:44:31","modified_gmt":"2025-09-12T06:44:31","slug":"la-distruzione-di-dresda","status":"publish","type":"post","link":"https:\/\/www.operaincerta.it\/OIWP\/2025\/09\/14\/la-distruzione-di-dresda\/","title":{"rendered":"La distruzione di Dresda"},"content":{"rendered":"\n<p>Si dice che per costruire bisogna distruggere. A volte, purtroppo, si distrugge solo per il piacere di distruggere, per vendetta. \u00c8 quello che \u00e8 successo tra il 13 e il 15 febbraio 1945, durante la Seconda Guerra Mondiale, a Dresda, in Germania.<\/p>\n\n\n\n<p>Situata nella Germania orientale, sulle rive dell&#8217;Elba, Dresda era chiamata la &#8220;Firenze sull&#8217;Elba&#8221; per la sua architettura barocca, i musei, i teatri, le gallerie d\u2019arte e una grande tradizione musicale. Fino al 1945, la citt\u00e0 era stata in gran parte risparmiata dai bombardamenti alleati, probabilmente perch\u00e9 non era un obiettivo strategico in quanto priva di importanti industrie belliche e di particolari strutture militari.<\/p>\n\n\n\n<p>In quei mesi di inizio 1945, con l\u2019Armata Rossa in avanzamento da est e gli alleati che spingevano da ovest, la citt\u00e0 era diventata un rifugio ritenuto sicuro da civili, profughi e feriti di guerra. E invece, con una operazione durata tre giorni, denominata \u201cOperation Thundeclap\u201d, la citt\u00e0 venne completamente distrutta.<\/p>\n\n\n\n<p>Il bombardamento di Dresda \u00e8 uno degli episodi pi\u00f9 discussi della Seconda Guerra Mondiale, non solo per l&#8217;entit\u00e0 della distruzione e il numero di vittime civili, ma per le implicazioni morali e strategiche che ancora oggi alimentano il dibattito storico. Fu un atto necessario per accelerare la fine del conflitto? O un esempio di violenza indiscriminata travestita da strategia militare?<\/p>\n\n\n\n<p>Naturalmente i giudizi sono diversi e diametralmente opposti. Per alcuni \u00e8 considerato un crimine di guerra in quanto un atto sproporzionato perch\u00e9 da l\u00ec a poco la Germania si sarebbe arresa (lo fece il 7 maggio) e in ogni caso quello non era un obiettivo che poteva giustificare un simile attacco. Per altri invece si deve considerare legittimo perch\u00e9 la citt\u00e0 per i tedeschi era un importante snodo e quindi il prolungare la guerra avrebbe causato pi\u00f9 morti di quanti non ce ne siano stati durante i tre giorni di bombardamenti.<\/p>\n\n\n\n<p>Che si creda all\u2019una o all\u2019altra versione, di certo c\u2019\u00e8 che Dresda \u00e8 diventata un simbolo della brutalit\u00e0 e dell&#8217;inutilit\u00e0 della guerra moderna (quello che sta accadendo nella striscia di Gaza o in Ucraina \u00e8 forse qualcosa di diverso?), dove la linea che separa gli obiettivi militari da quelli civili spesso diventa invisibile. Per questo la guerra, come diceva spesso Gino Strada, non \u00e8 mai una soluzione. Perch\u00e9 ci\u00f2 che si distrugge, ammesso che si possa ricostruire, non sar\u00e0 mai come prima.<\/p>\n","protected":false},"excerpt":{"rendered":"<p>Si dice che per costruire bisogna distruggere. A volte, purtroppo, si distrugge solo per il piacere di distruggere, per vendetta. \u00c8 quello che \u00e8 successo tra il 13 e il 15 febbraio 1945, durante la Seconda Guerra Mondiale, a Dresda, in Germania. Situata nella Germania orientale, sulle rive dell&#8217;Elba, Dresda era chiamata la &#8220;Firenze sull&#8217;Elba&#8221; per la sua architettura barocca, i musei, i teatri, le gallerie d\u2019arte e una grande tradizione musicale. Fino al 1945, la citt\u00e0 era stata in gran parte risparmiata dai bombardamenti alleati, probabilmente perch\u00e9 non era un obiettivo strategico in quanto priva di importanti industrie belliche e di particolari strutture militari.<a class=\"more-link\" href=\"https:\/\/www.operaincerta.it\/OIWP\/2025\/09\/14\/la-distruzione-di-dresda\/\">Read More &rarr;<\/a><\/p>\n","protected":false},"author":28,"featured_media":1903,"comment_status":"open","ping_status":"open","sticky":false,"template":"","format":"standard","meta":{"footnotes":""},"categories":[145],"tags":[],"ppma_author":[10],"class_list":{"0":"entry","1":"post","2":"publish","3":"author-comandante","4":"post-1902","6":"format-standard","7":"has-post-thumbnail","8":"category-197-settembre-2025"},"authors":[{"term_id":10,"user_id":28,"is_guest":0,"slug":"comandante","display_name":"Meno Occhipinti","avatar_url":{"url":"https:\/\/www.operaincerta.it\/OIWP\/wp-content\/uploads\/2024\/12\/occhipinti.jpg","url2x":"https:\/\/www.operaincerta.it\/OIWP\/wp-content\/uploads\/2024\/12\/occhipinti.jpg"},"0":null,"1":"","2":"","3":"","4":"","5":"","6":"","7":"","8":""}],"_links":{"self":[{"href":"https:\/\/www.operaincerta.it\/OIWP\/wp-json\/wp\/v2\/posts\/1902","targetHints":{"allow":["GET"]}}],"collection":[{"href":"https:\/\/www.operaincerta.it\/OIWP\/wp-json\/wp\/v2\/posts"}],"about":[{"href":"https:\/\/www.operaincerta.it\/OIWP\/wp-json\/wp\/v2\/types\/post"}],"author":[{"embeddable":true,"href":"https:\/\/www.operaincerta.it\/OIWP\/wp-json\/wp\/v2\/users\/28"}],"replies":[{"embeddable":true,"href":"https:\/\/www.operaincerta.it\/OIWP\/wp-json\/wp\/v2\/comments?post=1902"}],"version-history":[{"count":1,"href":"https:\/\/www.operaincerta.it\/OIWP\/wp-json\/wp\/v2\/posts\/1902\/revisions"}],"predecessor-version":[{"id":1904,"href":"https:\/\/www.operaincerta.it\/OIWP\/wp-json\/wp\/v2\/posts\/1902\/revisions\/1904"}],"wp:featuredmedia":[{"embeddable":true,"href":"https:\/\/www.operaincerta.it\/OIWP\/wp-json\/wp\/v2\/media\/1903"}],"wp:attachment":[{"href":"https:\/\/www.operaincerta.it\/OIWP\/wp-json\/wp\/v2\/media?parent=1902"}],"wp:term":[{"taxonomy":"category","embeddable":true,"href":"https:\/\/www.operaincerta.it\/OIWP\/wp-json\/wp\/v2\/categories?post=1902"},{"taxonomy":"post_tag","embeddable":true,"href":"https:\/\/www.operaincerta.it\/OIWP\/wp-json\/wp\/v2\/tags?post=1902"},{"taxonomy":"author","embeddable":true,"href":"https:\/\/www.operaincerta.it\/OIWP\/wp-json\/wp\/v2\/ppma_author?post=1902"}],"curies":[{"name":"wp","href":"https:\/\/api.w.org\/{rel}","templated":true}]}}