{"id":1801,"date":"2025-09-14T00:01:00","date_gmt":"2025-09-13T22:01:00","guid":{"rendered":"https:\/\/www.operaincerta.it\/OIWP\/?p=1801"},"modified":"2025-09-02T14:08:24","modified_gmt":"2025-09-02T12:08:24","slug":"nella-moda-nulla-si-distrugge-piuttosto-salviamo-una-brioscia-per-miranda","status":"publish","type":"post","link":"https:\/\/www.operaincerta.it\/OIWP\/2025\/09\/14\/nella-moda-nulla-si-distrugge-piuttosto-salviamo-una-brioscia-per-miranda\/","title":{"rendered":"Nella moda nulla si distrugge, piuttosto salviamo una brioscia per Miranda"},"content":{"rendered":"\n<p>Anche nella moda, nulla si crea, nulla si distrugge e tutto si trasforma. Mettete da parte Lavoisier e i principi della termodinamica, perch\u00e9 stavolta a parlare come uno scienziato \u00e8 <strong>Miranda Priestly<\/strong>, caporedattrice della rivista di moda <em>Runway<\/em>, potente e autorevole come l\u2019abbiamo conosciuta sulle pagine di <strong><em>Il diavolo veste Prada<\/em><\/strong> di Lauren Weisberger (2003) e nel film di David Frankel (2006). E la circostanza \u00e8 pi\u00f9 che insolita, se certe dichiarazioni, anzich\u00e9 dal suo ufficio di New York, provengono addirittura da via Mormino Penna a Scicli, cuore del Barocco Ibleo.<\/p>\n\n\n\n<p>I capelli scolpiti nel taglio d\u2019argento, la silhouette affusolata, gli <em>outfit<\/em> alla moda la rendono inconfondibile sul grande schermo, e cos\u00ec dentro un abito colorato come le maioliche d\u2019antico artigianato siciliano. \u00c8 una creazione italiana, Miranda conferma che a firmarlo \u00e8 <em>\u201cquella\u201d<\/em> celebre coppia di stilisti, senza citarne i nomi: l\u2019ostentazione \u00e8 volgare, basta gi\u00e0 la sciagura dei social, in pi\u00f9 alcuni pezzi della loro collezione erano sulle pagine di <em>Runway<\/em> nei mesi scorsi.<\/p>\n\n\n\n<p>Mentre lo dice, ci ha gi\u00e0 fulminati con lo sguardo, presumendo che non abbiamo mai letto la rivista, come Andy al primo colloquio di lavoro. Per un istante, proviamo lo stesso senso di inadeguatezza della povera aspirante assistente, ed \u00e8 una fortuna che il cappotto del capo non possa finire fragorosamente sulla nostra scrivania.<\/p>\n\n\n\n<figure class=\"wp-block-image size-large\"><img loading=\"lazy\" decoding=\"async\" width=\"768\" height=\"1024\" src=\"https:\/\/www.operaincerta.it\/OIWP\/wp-content\/uploads\/2025\/08\/5202ee6b-617a-4372-9b9a-8df68a7dce4c-768x1024.jpg\" alt=\"\" class=\"wp-image-1805\" srcset=\"https:\/\/www.operaincerta.it\/OIWP\/wp-content\/uploads\/2025\/08\/5202ee6b-617a-4372-9b9a-8df68a7dce4c-768x1024.jpg 768w, https:\/\/www.operaincerta.it\/OIWP\/wp-content\/uploads\/2025\/08\/5202ee6b-617a-4372-9b9a-8df68a7dce4c-225x300.jpg 225w, https:\/\/www.operaincerta.it\/OIWP\/wp-content\/uploads\/2025\/08\/5202ee6b-617a-4372-9b9a-8df68a7dce4c-1152x1536.jpg 1152w, https:\/\/www.operaincerta.it\/OIWP\/wp-content\/uploads\/2025\/08\/5202ee6b-617a-4372-9b9a-8df68a7dce4c-413x550.jpg 413w, https:\/\/www.operaincerta.it\/OIWP\/wp-content\/uploads\/2025\/08\/5202ee6b-617a-4372-9b9a-8df68a7dce4c.jpg 1200w\" sizes=\"auto, (max-width: 768px) 100vw, 768px\" \/><\/figure>\n\n\n\n<p>Siamo su uno dei basolati pi\u00f9 caratteristici della provincia, qui i tacchi non sono una scelta conforme alla passeggiata sicura e lo sa pure Miranda, che indossa degli inappuntabili sabot raso terra. Di chi sono, non abbiamo il coraggio di chiederglielo. Ci basta sapere che sono suoi, e che li ha scelti per venire qui; il perch\u00e9, ce lo faremo dire, lavorandola ai fianchi magrissimi, beata lei.<\/p>\n\n\n\n<p>\u00c8 un incontro a ben altre latitudini, visto che stampa e social hanno rivelato che sono in corso negli USA le riprese di <em>Il diavolo veste Prada 2<\/em>, al cinema nel maggio 2026, insinuando velatamente l\u2019ipotesi di scene girate forse anche a Milano.<\/p>\n\n\n\n<p>Sar\u00e0 stata dunque una pausa dal set italiano a condurla sull\u2019isola? Ci piace pensare che gli anni trascorsi a Parigi abbiano acceso la sua attenzione sul passato dei viaggiatori europei e sui diari del <em>Grand Tour<\/em>, e che la sua attitudine alla bellezza abbia raccolto anche le parole di Johann Wolfgang Goethe, a proposito di conoscere il Belpaese partendo dalla Sicilia, <em>\u201cchiave di tutto\u201d<\/em>.<\/p>\n\n\n\n<figure class=\"wp-block-image size-large\"><img loading=\"lazy\" decoding=\"async\" width=\"768\" height=\"1024\" src=\"https:\/\/www.operaincerta.it\/OIWP\/wp-content\/uploads\/2025\/08\/bebc46c8-a730-45e2-807b-1c64317509dc-768x1024.jpg\" alt=\"\" class=\"wp-image-1806\" srcset=\"https:\/\/www.operaincerta.it\/OIWP\/wp-content\/uploads\/2025\/08\/bebc46c8-a730-45e2-807b-1c64317509dc-768x1024.jpg 768w, https:\/\/www.operaincerta.it\/OIWP\/wp-content\/uploads\/2025\/08\/bebc46c8-a730-45e2-807b-1c64317509dc-225x300.jpg 225w, https:\/\/www.operaincerta.it\/OIWP\/wp-content\/uploads\/2025\/08\/bebc46c8-a730-45e2-807b-1c64317509dc-1152x1536.jpg 1152w, https:\/\/www.operaincerta.it\/OIWP\/wp-content\/uploads\/2025\/08\/bebc46c8-a730-45e2-807b-1c64317509dc-413x550.jpg 413w, https:\/\/www.operaincerta.it\/OIWP\/wp-content\/uploads\/2025\/08\/bebc46c8-a730-45e2-807b-1c64317509dc.jpg 1200w\" sizes=\"auto, (max-width: 768px) 100vw, 768px\" \/><\/figure>\n\n\n\n<p>Certo, \u00e8 fatto noto che l\u2019estate isolana eserciti il proprio richiamo sui vip, anche senza avere letto Ennio Flaiano e le sue parole sulla bellezza della stagione e sull\u2019invidia della primavera. Mai condotta fu pi\u00f9 stigmatizzabile e ingrata, viste le occasioni di protagonismo nelle arti, dal celebre dipinto di Sandro Botticelli alle musiche di Antonio Vivaldi, e nel mito come Persefone, richiamata all\u2019ordine dall\u2019ombroso marito sull\u2019Etna, realizzando in tempi non sospetti le aspettative pensionistiche dei lavoratori fuori sede, quei \u201csei mesi su e sei mesi gi\u00f9\u201d, che nulla hanno a che vedere con il Dio degli Inferi. Che l\u2019invidiosa primavera vada piuttosto a lezione di umilt\u00e0 dai mandorli in fiore, condannati alla subalternit\u00e0 dalla ridondanza \u201ciconica\u201d dei ciliegi giapponesi, e non per questo meno splendidi.<\/p>\n\n\n\n<p>Di questo e altro abbiamo chiesto a Miranda, tenendo a mente la sua cinica riserva sul floreale per la primavera, che per lei \u00e8 <em>\u201cavanguardia pura\u201d.<\/em><\/p>\n\n\n\n<p><strong>Mrs. Priestly, come \u00e8 stato tornare in scena dopo tanti anni?<\/strong><br><em>Mia cara, gli anni sono \u201ctanti\u201d solo per chi \u00e8 morto. Si pu\u00f2 dire giusto di Cleopatra che manca da \u201ctanti\u201d anni. Nessuna donna vivente vorrebbe mai associare la misura della moltitudine al tempo, al guardaroba, all\u2019et\u00e0, ai chili sulla bilancia. Diciamo che il sequel in libreria era pronto dal 2013, ma il mio standard \u00e8 l\u2019atmosfera fantastica di Harry Potter, declinata in una redazione di moda. Gli sceneggiatori hanno dovuto lavorare parecchio.<\/em><\/p>\n\n\n\n<p><strong>Riconosce forse a s\u00e9 stessa un tocco magico nella creazione delle tendenze?<\/strong><br><em>La magia \u00e8 spettacolo, il nostro lavoro viene da studio e impegno, non da balletti sui social e improvvisazione. Lo stile di Runway \u00e8 sobrio, tagliente, ineccepibile, e per questo sceglie elementi in grado di portare novit\u00e0, ma senza imbarbarire l\u2019eleganza, tanto necessaria in ogni aspetto della vita, non solo nella moda. Essere originale, s\u00ec, ma mai fuori contesto.<\/em><\/p>\n\n\n\n<p><strong>Ma come si fa a capire qual \u00e8 lo stile adatto?<\/strong><br><em>Osservando molto, per alcuni \u00e8 una cosa naturale. Bisogna sempre darsi una chance di riuscita. E comunque mai dimenticare la prima verit\u00e0 fondamentale per ogni donna: non si \u00e8 brutte, ma soltanto povere.<\/em><\/p>\n\n\n\n<p><strong>Ad esempio, lei \u00e8 a favore della nail art?<\/strong><br><em>Solo se a dipingere \u00e8 Monet.<\/em><\/p>\n\n\n\n<p><strong>Quindi \u00e8 un no?<\/strong><br><em>Se non \u00e8 chiaro, le faccio un disegno, e non sulle unghie.<\/em><\/p>\n\n\n\n<p><strong>La moda pu\u00f2 coinvolgere tutti, anche chi non pu\u00f2 permettersela?<\/strong><br><em>Assolutamente, altrimenti il nostro lavoro sarebbe inutile. Tutti hanno imparato che il loro golfino ceruleo viene da lontano, che non esistono scelte casuali nella scelta del proprio guardaroba, a meno di non essere daltonici. E anche in quel caso, potrebbe esserci dell\u2019originalit\u00e0. In pi\u00f9, l\u2019abilit\u00e0 \u00e8 scegliere il giusto mix tra capi diversi: nulla si distrugge e tutto si trasforma, soprattutto se parliamo di vestiario di qualit\u00e0.<\/em><\/p>\n\n\n\n<p><strong>Dunque lei non approva il fast fashion?<\/strong><br><em>Mai e poi mai. I tessuti sono scadenti, quelli s\u00ec che si distruggono facilmente, magari ricavati da materie prime tossiche o quasi. In pi\u00f9 inquinano l\u2019ambiente, perch\u00e9 finiscono nelle discariche. Quello che \u00e8 sempre di moda \u00e8 non sembrare cheap, n\u00e9 esserlo.<\/em><\/p>\n\n\n\n<p><strong>Pu\u00f2 svelarci cosa accadr\u00e0 nel nuovo film? Ci saranno altri episodi esilaranti con Andy?<\/strong><br><em>\u00c8 top secret.<\/em><\/p>\n\n\n\n<p><strong>E del perch\u00e9 \u00e8 capitata in Sicilia?<\/strong><br><em>Sono stata ospite alle nozze della figlia di amici di New York. Hanno origini siciliane e trascorrono qui una parte dell\u2019estate ogni anno. Ho capito perch\u00e9 tanti vip si sposano qui: location suggestive, tanta storia, tanta bellezza.<\/em><\/p>\n\n\n\n<p><strong>Quindi potrebbero convincerla a tornare, ricorrendo a valide ragioni?<\/strong><br><em>Non intendo mentire al mio nutrizionista per una \u201cscaccia\u201d o un gelato in pi\u00f9, se \u00e8 questo che intende.<\/em><\/p>\n\n\n\n<p><strong>E per la granita?<\/strong><br><em>Lasciamo perdere. Lancio un appello in difesa della brioscia senza zucchero vanigliato, una variet\u00e0 rara e introvabile. Le mie due assistenti ieri hanno pensato bene di ripulirla con un tovagliolo, un\u2019iniziativa sufficiente a dare entrambe in pasto ai coccodrilli, ma mi dicono che qui intorno si vedono solo uova di tartarughe, delfini e fenicotteri rosa. E quello che non \u00e8 animale o vegetale, \u00e8 un\u2019opera d\u2019arte da una provincia all\u2019altra.<\/em><\/p>\n\n\n\n<p><strong>Insomma, la brioscia non la convince, ma l\u2019isola le piace.<\/strong><br><em>Se trova qualcuno a cui non piace, possiamo punirlo ricoprendolo di zucchero vanigliato<\/em>.<\/p>\n\n\n\n<p><strong>Un contrappasso dantesco?<\/strong><br><em>No, per quello basta il caldo in agosto. E poi non vi serve Dante, avete altri poeti e scrittori, che mi dicono non passeranno mai di moda.<\/em><\/p>\n\n\n\n<p><strong>Dopo il ceruleo, quale sar\u00e0 il nuovo colore iconico?<\/strong><br><em>Per carit\u00e0, non pronunci quello sciagurato aggettivo. Lo si dice ormai di qualunque cosa e persona. E magari non \u00e8 iconico affatto, perch\u00e9 dura il tempo di scrollare lo schermo, meno di uno starnuto.<\/em><\/p>\n\n\n\n<p><strong>Vuole dire qualcosa sul cast?<\/strong><br><em>Neanche sotto tortura.<\/em><\/p>\n\n\n\n<p><strong>E se ne parlassimo al tavolo di una pasticceria?<\/strong><br><em>In tal caso, la avverto: resisto a tutto, tranne che al biancomangiare di mandorle.<\/em><\/p>\n\n\n\n<p><\/p>\n\n\n\n<p>      Riferimenti bibliografici<\/p>\n\n\n\n<ul class=\"wp-block-list\">\n<li>Lauren Weisberger, <em>Il diavolo veste Prada<\/em>, Piemme 2006<\/li>\n\n\n\n<li><em>Il viaggio in Sicilia di J. W. von Goethe<\/em><em> <\/em><em>(da \u201cItalienische Reise\u201d, 1813-1817), <\/em>trad. Schindler-Bonavoglia, Azioni Parallele n.3\/2016<\/li>\n\n\n\n<li>Ennio Flaiano<em>, Il diario degli errori, Rizzoli 1976<\/em><\/li>\n\n\n\n<li><em>Sicilia, l\u2019isola, <\/em>Sime Books 2011<\/li>\n\n\n\n<li>Paolo Nifos\u00ec,<em> Citt\u00e0 teatro irripetibile <\/em>in<em> <\/em>Basole di luce \u2013 Scicli (2013)<\/li>\n<\/ul>\n","protected":false},"excerpt":{"rendered":"<p>Anche nella moda, nulla si crea, nulla si distrugge e tutto si trasforma. Mettete da parte Lavoisier e i principi della termodinamica, perch\u00e9 stavolta a parlare come uno scienziato \u00e8 Miranda Priestly, caporedattrice della rivista di moda Runway, potente e autorevole come l\u2019abbiamo conosciuta sulle pagine di Il diavolo veste Prada di Lauren Weisberger (2003) e nel film di David Frankel (2006). E la circostanza \u00e8 pi\u00f9 che insolita, se certe dichiarazioni, anzich\u00e9 dal suo ufficio di New York, provengono addirittura da via Mormino Penna a Scicli, cuore del Barocco Ibleo. I capelli scolpiti nel taglio d\u2019argento, la silhouette affusolata, gli outfit alla moda la<a class=\"more-link\" href=\"https:\/\/www.operaincerta.it\/OIWP\/2025\/09\/14\/nella-moda-nulla-si-distrugge-piuttosto-salviamo-una-brioscia-per-miranda\/\">Read More &rarr;<\/a><\/p>\n","protected":false},"author":7,"featured_media":1802,"comment_status":"open","ping_status":"open","sticky":false,"template":"","format":"standard","meta":{"footnotes":""},"categories":[145],"tags":[155,152,147,141,146,148,149,154,153,62,150,56,156,151],"ppma_author":[13],"class_list":{"0":"entry","1":"post","2":"publish","3":"author-petula","4":"post-1801","6":"format-standard","7":"has-post-thumbnail","8":"category-197-settembre-2025","9":"post_tag-bellezza","10":"post_tag-brioscia","11":"post_tag-cinema","12":"post_tag-estate","13":"post_tag-ildiavolovesteprada","14":"post_tag-libri","15":"post_tag-mirandapriestly","16":"post_tag-mitologia","17":"post_tag-moda","18":"post_tag-operaincerta","19":"post_tag-scicli","20":"post_tag-sicilia","21":"post_tag-vacanze","22":"post_tag-viamorminopenna"},"authors":[{"term_id":13,"user_id":7,"is_guest":0,"slug":"petula","display_name":"Petula Brafa","avatar_url":{"url":"https:\/\/www.operaincerta.it\/OIWP\/wp-content\/uploads\/2024\/12\/brafa.jpg","url2x":"https:\/\/www.operaincerta.it\/OIWP\/wp-content\/uploads\/2024\/12\/brafa.jpg"},"0":null,"1":"","2":"","3":"","4":"","5":"","6":"","7":"","8":""}],"_links":{"self":[{"href":"https:\/\/www.operaincerta.it\/OIWP\/wp-json\/wp\/v2\/posts\/1801","targetHints":{"allow":["GET"]}}],"collection":[{"href":"https:\/\/www.operaincerta.it\/OIWP\/wp-json\/wp\/v2\/posts"}],"about":[{"href":"https:\/\/www.operaincerta.it\/OIWP\/wp-json\/wp\/v2\/types\/post"}],"author":[{"embeddable":true,"href":"https:\/\/www.operaincerta.it\/OIWP\/wp-json\/wp\/v2\/users\/7"}],"replies":[{"embeddable":true,"href":"https:\/\/www.operaincerta.it\/OIWP\/wp-json\/wp\/v2\/comments?post=1801"}],"version-history":[{"count":10,"href":"https:\/\/www.operaincerta.it\/OIWP\/wp-json\/wp\/v2\/posts\/1801\/revisions"}],"predecessor-version":[{"id":1833,"href":"https:\/\/www.operaincerta.it\/OIWP\/wp-json\/wp\/v2\/posts\/1801\/revisions\/1833"}],"wp:featuredmedia":[{"embeddable":true,"href":"https:\/\/www.operaincerta.it\/OIWP\/wp-json\/wp\/v2\/media\/1802"}],"wp:attachment":[{"href":"https:\/\/www.operaincerta.it\/OIWP\/wp-json\/wp\/v2\/media?parent=1801"}],"wp:term":[{"taxonomy":"category","embeddable":true,"href":"https:\/\/www.operaincerta.it\/OIWP\/wp-json\/wp\/v2\/categories?post=1801"},{"taxonomy":"post_tag","embeddable":true,"href":"https:\/\/www.operaincerta.it\/OIWP\/wp-json\/wp\/v2\/tags?post=1801"},{"taxonomy":"author","embeddable":true,"href":"https:\/\/www.operaincerta.it\/OIWP\/wp-json\/wp\/v2\/ppma_author?post=1801"}],"curies":[{"name":"wp","href":"https:\/\/api.w.org\/{rel}","templated":true}]}}