{"id":1787,"date":"2025-09-14T00:01:00","date_gmt":"2025-09-13T22:01:00","guid":{"rendered":"https:\/\/www.operaincerta.it\/OIWP\/?p=1787"},"modified":"2025-08-25T07:51:10","modified_gmt":"2025-08-25T05:51:10","slug":"la-vergogna-delle-mine-antiuomo","status":"publish","type":"post","link":"https:\/\/www.operaincerta.it\/OIWP\/2025\/09\/14\/la-vergogna-delle-mine-antiuomo\/","title":{"rendered":"La vergogna delle mine antiuomo"},"content":{"rendered":"\n<p><em>\u201cAlla fine della guerra nei Balcani la Croazia fu il primo Paese ad attivarsi seriamente per lo sminamento. Dopo 30 anni, nonostante quest\u2019 impegno, \u00e8 ancora lontana dal raggiungimento dell\u2019obiettivo\u201d. <\/em>Cos\u00ec si esprimeva la giornalista Milena Gabanelli in un suo intervento su LA7 alcune settimane fa. Le sue parole ci ricordano il drammatico fardello causato da questa insensata e ignobile \u201cstrategia\u201d bellica. Se \u00e8 vero che la guerra fa schifo, questo segmento della guerra stessa fa ancora pi\u00f9 schifo. Perch\u00e9 non determina altra \u201cvittoria\u201d che una condanna generalizzata senza bandiere. In quanto, a conclusione della guerra, chiunque potr\u00e0 rimanerne vittima. Paradossalmente potrebbe capitare che il figlio o il nipote di chi ha installato la mina, si ritrovi a mettere malauguratamente il piede su di essa rimanendone ucciso; o, pi\u00f9 probabilmente, menomato a vita, privato di una parte del corpo, di un piede, di una gamba, di un braccio. Perch\u00e9 accade questo in un gran numero di casi: la mina non sempre uccide ma dilania singole parti del corpo. E la vergogna si fa ancor pi\u00f9 atroce quando si concepiscono mine dalle forme accattivanti e colori piacevoli che attirano i bambini facendoli saltare in aria nell\u2019ottica di un odio incontrollato proiettato alla pulizia etnica del popolo nemico. I famosi \u201cpappagalli verdi\u201d narrati da Gino Strada (nome tecnico PFM-1) furono utilizzati in Vietnam, poi in Afghanistan, in Cecenia. I costruttori ti diranno che questa particolare forma consente una maggiore aerodinamicit\u00e0 quando vengono lanciati dagli aerei. Per quanto riguarda il colore ti spiegheranno che consente una migliore mimetizzazione sul terreno. A loro non baster\u00e0 sapere che quella mimetizzazione produce disabilit\u00e0, dolore, costi sociali, imprevedibilit\u00e0, sofferenze e pericoli per i bambini. E non li convincerai nemmeno se proverai a fare un cinico ragionamento militare, spiegando loro l\u2019insensatezza dal punto di vista della strategia bellica, della \u201clogica\u201d di guerra. Proverai a fare un discorso nudo e crudo, quasi da ufficiale dell\u2019esercito: \u201c\u00e8 cos\u00ec che pensi di vincere una guerra? Riempendo di mine campi, coltivazioni, spazi naturali, zone di passaggio e abitate dalla povera gente?\u201d \u00c8 solo crudelt\u00e0, nient\u2019altro che questo. Ma la spirale dell\u2019odio funziona cos\u00ec, purtroppo.<\/p>\n\n\n\n<figure class=\"wp-block-image size-full\"><img loading=\"lazy\" decoding=\"async\" width=\"830\" height=\"385\" src=\"https:\/\/www.operaincerta.it\/OIWP\/wp-content\/uploads\/2025\/08\/Mine-antiuomo.jpg\" alt=\"\" class=\"wp-image-1788\" srcset=\"https:\/\/www.operaincerta.it\/OIWP\/wp-content\/uploads\/2025\/08\/Mine-antiuomo.jpg 830w, https:\/\/www.operaincerta.it\/OIWP\/wp-content\/uploads\/2025\/08\/Mine-antiuomo-300x139.jpg 300w, https:\/\/www.operaincerta.it\/OIWP\/wp-content\/uploads\/2025\/08\/Mine-antiuomo-768x356.jpg 768w, https:\/\/www.operaincerta.it\/OIWP\/wp-content\/uploads\/2025\/08\/Mine-antiuomo-425x197.jpg 425w\" sizes=\"auto, (max-width: 830px) 100vw, 830px\" \/><\/figure>\n\n\n\n<p>Il trattato di Ottawa del 1997 metteva al bando le mine antiuomo; un segnale di civilt\u00e0 che lasciava ben sperare. Ma ci sono nazioni come gli Stati Uniti e la Russia che non l\u2019hanno mai ratificato. Ed altre, come l\u2019Ucraina, che hanno deciso di uscirne dopo gli eventi di questi ultimi anni (ad oggi \u00e8 lo Stato pi\u00f9 minato al mondo). Insomma, purtroppo capita spesso che l\u2019essere umano, quando sembra fare un passo avanti in direzione del buon senso, ne faccia poi due indietro in direzione dell\u2019orrore.<\/p>\n\n\n\n<figure class=\"wp-block-image size-full\"><img loading=\"lazy\" decoding=\"async\" width=\"830\" height=\"385\" src=\"https:\/\/www.operaincerta.it\/OIWP\/wp-content\/uploads\/2025\/08\/Ragazzina-col-fuoco.jpg\" alt=\"\" class=\"wp-image-1789\" srcset=\"https:\/\/www.operaincerta.it\/OIWP\/wp-content\/uploads\/2025\/08\/Ragazzina-col-fuoco.jpg 830w, https:\/\/www.operaincerta.it\/OIWP\/wp-content\/uploads\/2025\/08\/Ragazzina-col-fuoco-300x139.jpg 300w, https:\/\/www.operaincerta.it\/OIWP\/wp-content\/uploads\/2025\/08\/Ragazzina-col-fuoco-768x356.jpg 768w, https:\/\/www.operaincerta.it\/OIWP\/wp-content\/uploads\/2025\/08\/Ragazzina-col-fuoco-425x197.jpg 425w\" sizes=\"auto, (max-width: 830px) 100vw, 830px\" \/><\/figure>\n\n\n\n<p><em>Alla mia et\u00e0 tutto pu\u00f2 essere un gioco<\/em><\/p>\n\n\n\n<p><em>Cos\u00ec, mi hanno insegnato a non scherzare col fuoco<\/em><\/p>\n\n\n\n<p><em>Ma qui, di altro, c\u2019\u00e8 rimasto ben poco\u2026<\/em><\/p>\n\n\n\n<p>(Rime spontanee Marcello 2025)<\/p>\n","protected":false},"excerpt":{"rendered":"<p>\u201cAlla fine della guerra nei Balcani la Croazia fu il primo Paese ad attivarsi seriamente per lo sminamento. Dopo 30 anni, nonostante quest\u2019 impegno, \u00e8 ancora lontana dal raggiungimento dell\u2019obiettivo\u201d. Cos\u00ec si esprimeva la giornalista Milena Gabanelli in un suo intervento su LA7 alcune settimane fa. Le sue parole ci ricordano il drammatico fardello causato da questa insensata e ignobile \u201cstrategia\u201d bellica. Se \u00e8 vero che la guerra fa schifo, questo segmento della guerra stessa fa ancora pi\u00f9 schifo. Perch\u00e9 non determina altra \u201cvittoria\u201d che una condanna generalizzata senza bandiere. In quanto, a conclusione della guerra, chiunque potr\u00e0 rimanerne vittima. Paradossalmente potrebbe capitare che il<a class=\"more-link\" href=\"https:\/\/www.operaincerta.it\/OIWP\/2025\/09\/14\/la-vergogna-delle-mine-antiuomo\/\">Read More &rarr;<\/a><\/p>\n","protected":false},"author":23,"featured_media":1790,"comment_status":"open","ping_status":"open","sticky":false,"template":"","format":"standard","meta":{"footnotes":""},"categories":[145],"tags":[],"ppma_author":[16],"class_list":{"0":"entry","1":"post","2":"publish","3":"author-marcello","4":"post-1787","6":"format-standard","7":"has-post-thumbnail","8":"category-197-settembre-2025"},"authors":[{"term_id":16,"user_id":23,"is_guest":0,"slug":"marcello","display_name":"Marcello Gurrieri","avatar_url":{"url":"https:\/\/www.operaincerta.it\/OIWP\/wp-content\/uploads\/2025\/02\/gurrieri2.jpg","url2x":"https:\/\/www.operaincerta.it\/OIWP\/wp-content\/uploads\/2025\/02\/gurrieri2.jpg"},"0":null,"1":"","2":"","3":"","4":"","5":"","6":"","7":"","8":""}],"_links":{"self":[{"href":"https:\/\/www.operaincerta.it\/OIWP\/wp-json\/wp\/v2\/posts\/1787","targetHints":{"allow":["GET"]}}],"collection":[{"href":"https:\/\/www.operaincerta.it\/OIWP\/wp-json\/wp\/v2\/posts"}],"about":[{"href":"https:\/\/www.operaincerta.it\/OIWP\/wp-json\/wp\/v2\/types\/post"}],"author":[{"embeddable":true,"href":"https:\/\/www.operaincerta.it\/OIWP\/wp-json\/wp\/v2\/users\/23"}],"replies":[{"embeddable":true,"href":"https:\/\/www.operaincerta.it\/OIWP\/wp-json\/wp\/v2\/comments?post=1787"}],"version-history":[{"count":1,"href":"https:\/\/www.operaincerta.it\/OIWP\/wp-json\/wp\/v2\/posts\/1787\/revisions"}],"predecessor-version":[{"id":1791,"href":"https:\/\/www.operaincerta.it\/OIWP\/wp-json\/wp\/v2\/posts\/1787\/revisions\/1791"}],"wp:featuredmedia":[{"embeddable":true,"href":"https:\/\/www.operaincerta.it\/OIWP\/wp-json\/wp\/v2\/media\/1790"}],"wp:attachment":[{"href":"https:\/\/www.operaincerta.it\/OIWP\/wp-json\/wp\/v2\/media?parent=1787"}],"wp:term":[{"taxonomy":"category","embeddable":true,"href":"https:\/\/www.operaincerta.it\/OIWP\/wp-json\/wp\/v2\/categories?post=1787"},{"taxonomy":"post_tag","embeddable":true,"href":"https:\/\/www.operaincerta.it\/OIWP\/wp-json\/wp\/v2\/tags?post=1787"},{"taxonomy":"author","embeddable":true,"href":"https:\/\/www.operaincerta.it\/OIWP\/wp-json\/wp\/v2\/ppma_author?post=1787"}],"curies":[{"name":"wp","href":"https:\/\/api.w.org\/{rel}","templated":true}]}}