{"id":1368,"date":"2025-06-14T00:02:00","date_gmt":"2025-06-13T22:02:00","guid":{"rendered":"https:\/\/www.operaincerta.it\/OIWP\/?p=1368"},"modified":"2025-06-10T14:33:44","modified_gmt":"2025-06-10T12:33:44","slug":"quasi-un-editoriale","status":"publish","type":"post","link":"https:\/\/www.operaincerta.it\/OIWP\/2025\/06\/14\/quasi-un-editoriale\/","title":{"rendered":"La raccolta"},"content":{"rendered":"\n<p>Vi ricordate, vero, l\u2019Ecclesiaste? C\u2019\u00e8 un tempo per seminare e uno per raccogliere. E le due cose, lo si capisce al volo, sono intimamente correlate. A un generoso spargimento di semi corrisponde un\u2019abbondante mietitura. E al duro lavoro spetta una meritata ricompensa. Una specie di karma agricolo in cui a una azione corrisponde una reazione. A meno che un dio capriccioso non decida di mandar gi\u00f9 un sole troppo cocente o acque sovrabbondanti. In qualche parte di mondo probabilmente le cose stanno ancora cos\u00ec, ma non ora non qui.<br>Per chi, come la maggior parte di noi, vive in una citt\u00e0, la raccolta resta un fenomeno quasi folkloristico. Abbiamo un po\u2019 tutti fatto pace con la morte delle mezze stagioni e attendiamo fiduciosi nei supermercati che i frutti della terra arrivino a noi con la sola trepidazione che il loro prezzo non sia esorbitante.<br>Dunque cosa potrebbe essere oggi per noi \u201cla raccolta\u201d?<br>Una compilation di brani di grande successo? S\u00ec, quei nastri o quei cd dove ognuno poteva stipare in un limitato arco di tempo le canzoni che pi\u00f9 gli piacevano. C\u2019erano le raccolte musicali da regalare agli amici, quelle da portare nell\u2019autoradio e quelle pi\u00f9 romantiche per fare colpo con ragazze che oggi sono mamme di adolescenti che chiamano le raccolte play list e le ascoltano senza limiti sugli Ipod. Proviamo con i libri? La raccolta \u00e8 una antologia di testi in prosa o in rima e anche la biblioteca \u00e8 una chiamata a raccolta di testi. Niente da fare, invece, per i film. Le videoteche che li raccoglievano sono un museo archeologico decretato dalle piattaforme on demand dove, pagando, abbiamo modo di vedere quasi tutto senza possedere quasi nulla.<br>Di attualit\u00e0 impellente \u00e8 invece la raccolta dei rifiuti, argomento cardine di ogni ragionamento sulla sostenibilit\u00e0 ambientale. Ci sono citt\u00e0 che hanno messo a frutto una sapiente strategia e altre che annaspano tragicamente tra plastica sovrabbondante e carta male odorante. <br>La raccolta pu\u00f2 essere raccolta di idee, di errori, di figurine e di figuracce&#8230;<\/p>\n\n\n\n<p>E infine, quando si avvicina la met\u00e0 del mese, per noi di Operaincerta arriva giugno: il momento di raccogliere le idee, le energie, le frasi da scrivere. E se qualche volta il raccolto non sar\u00e0 perfetto, possiamo sempre rimediare il prossimo mese. Perch\u00e9 in questa redazione teniamo ben aperto il sacco delle buone intenzioni e delle speranze. Anche oggi sar\u00e0 tempo di raccoglierne qualcuna. E se tra le pagine a seguire troverete qualcosa di buono, e sono sicuro che cos\u00ec sar\u00e0, grazie a chi ha seminato parole e a chi ne raccoglier\u00e0&nbsp;il&nbsp;frutto.<\/p>\n","protected":false},"excerpt":{"rendered":"<p>Vi ricordate, vero, l\u2019Ecclesiaste? C\u2019\u00e8 un tempo per seminare e uno per raccogliere. E le due cose, lo si capisce al volo, sono intimamente correlate. A un generoso spargimento di semi corrisponde un\u2019abbondante mietitura. E al duro lavoro spetta una meritata ricompensa. Una specie di karma agricolo in cui a una azione corrisponde una reazione. A meno che un dio capriccioso non decida di mandar gi\u00f9 un sole troppo cocente o acque sovrabbondanti. In qualche parte di mondo probabilmente le cose stanno ancora cos\u00ec, ma non ora non qui.Per chi, come la maggior parte di noi, vive in una citt\u00e0, la raccolta resta un fenomeno<a class=\"more-link\" href=\"https:\/\/www.operaincerta.it\/OIWP\/2025\/06\/14\/quasi-un-editoriale\/\">Read More &rarr;<\/a><\/p>\n","protected":false},"author":28,"featured_media":1409,"comment_status":"open","ping_status":"open","sticky":false,"template":"","format":"standard","meta":{"footnotes":""},"categories":[75],"tags":[61,62,76],"ppma_author":[8],"class_list":{"0":"entry","1":"post","2":"publish","3":"author-antonio","4":"post-1368","6":"format-standard","7":"has-post-thumbnail","8":"category-194-giugno-2025","9":"post_tag-editoriale","10":"post_tag-operaincerta","11":"post_tag-raccolta"},"authors":[{"term_id":8,"user_id":0,"is_guest":1,"slug":"antonio","display_name":"Antonio La Monica","avatar_url":{"url":"https:\/\/www.operaincerta.it\/OIWP\/wp-content\/uploads\/2024\/12\/lamonica.jpg","url2x":"https:\/\/www.operaincerta.it\/OIWP\/wp-content\/uploads\/2024\/12\/lamonica.jpg"},"0":null,"1":"","2":"","3":"","4":"","5":"","6":"","7":"","8":""}],"_links":{"self":[{"href":"https:\/\/www.operaincerta.it\/OIWP\/wp-json\/wp\/v2\/posts\/1368","targetHints":{"allow":["GET"]}}],"collection":[{"href":"https:\/\/www.operaincerta.it\/OIWP\/wp-json\/wp\/v2\/posts"}],"about":[{"href":"https:\/\/www.operaincerta.it\/OIWP\/wp-json\/wp\/v2\/types\/post"}],"author":[{"embeddable":true,"href":"https:\/\/www.operaincerta.it\/OIWP\/wp-json\/wp\/v2\/users\/28"}],"replies":[{"embeddable":true,"href":"https:\/\/www.operaincerta.it\/OIWP\/wp-json\/wp\/v2\/comments?post=1368"}],"version-history":[{"count":4,"href":"https:\/\/www.operaincerta.it\/OIWP\/wp-json\/wp\/v2\/posts\/1368\/revisions"}],"predecessor-version":[{"id":1411,"href":"https:\/\/www.operaincerta.it\/OIWP\/wp-json\/wp\/v2\/posts\/1368\/revisions\/1411"}],"wp:featuredmedia":[{"embeddable":true,"href":"https:\/\/www.operaincerta.it\/OIWP\/wp-json\/wp\/v2\/media\/1409"}],"wp:attachment":[{"href":"https:\/\/www.operaincerta.it\/OIWP\/wp-json\/wp\/v2\/media?parent=1368"}],"wp:term":[{"taxonomy":"category","embeddable":true,"href":"https:\/\/www.operaincerta.it\/OIWP\/wp-json\/wp\/v2\/categories?post=1368"},{"taxonomy":"post_tag","embeddable":true,"href":"https:\/\/www.operaincerta.it\/OIWP\/wp-json\/wp\/v2\/tags?post=1368"},{"taxonomy":"author","embeddable":true,"href":"https:\/\/www.operaincerta.it\/OIWP\/wp-json\/wp\/v2\/ppma_author?post=1368"}],"curies":[{"name":"wp","href":"https:\/\/api.w.org\/{rel}","templated":true}]}}