{"id":1364,"date":"2025-06-14T00:01:00","date_gmt":"2025-06-13T22:01:00","guid":{"rendered":"https:\/\/www.operaincerta.it\/OIWP\/?p=1364"},"modified":"2025-06-10T14:20:00","modified_gmt":"2025-06-10T12:20:00","slug":"coltivare-il-passato","status":"publish","type":"post","link":"https:\/\/www.operaincerta.it\/OIWP\/2025\/06\/14\/coltivare-il-passato\/","title":{"rendered":"Coltivare il passato"},"content":{"rendered":"\n<p>Viviamo nell\u2019epoca dell\u2019istantaneit\u00e0, della informazione compulsiva, del subito e ora. Ogni gesto pare essere proiettato solo per l\u2019esterno, ogni esperienza rischia di trasformarsi in contenuto da esibire. Eppure, in questa corsa continua, a volte qualcosa ci sfugge: il tempo per comprendere, per ascoltare ci\u00f2 che abbiamo vissuto o stiamo vivendo. Forse oggi pi\u00f9 che mai abbiamo bisogno di recuperare l\u2019arte perduta della memoria consapevole, e con essa il valore del silenzio come spazio riflessivo.<\/p>\n\n\n\n<p>Non ricordiamo tutto, n\u00e9 sempre allo stesso modo. La memoria non sempre \u00e8 una macchina fedele, ma una lente che si modula con il passare degli anni. Ricordare \u00e8 un atto creativo, e non un semplice operazione di recupero: significa scegliere, ricomporre, attribuire significato. I ricordi sono tracce da interpretare e non da conservare.<\/p>\n\n\n\n<p>Ma c\u2019\u00e8 un gesto ancor pi\u00f9 profondo che accompagna tutto ci\u00f2, il raccogliere. Raccogliere significa dare valore, selezionare con cura, riconoscere ci\u00f2 che merita attenzione. \u00c8 un atto paziente e discreto, e cos\u00ec \u00e8 con i ricordi, non li si accumula come oggetti, ma li si raccoglie come si raccolgono le storie dei volti delle persone che amiamo. Il raccogliere implica rispetto, silenzio, e soprattutto il desiderio di trattenere qualcosa non per possederlo, ma per comprenderlo meglio. Non sempre siamo ci\u00f2 che abbiamo vissuto, ma probabilmente siamo ci\u00f2 che sappiamo raccontarci di ci\u00f2 che abbiamo vissuto.<\/p>\n\n\n\n<p>La riflessione allora diventa un gesto necessario, perch\u00e9 \u00e8 proprio nell\u2019atto del ripensare che tutto cessa di essere solo un evento per diventare esperienza, e talvolta, persino sapienza.<\/p>\n\n\n\n<p>Ogni persona dovrebbe concedersi un tempo in cui non si produce, non si risponde, non si corre. Un tempo in cui si ritorna a s\u00e9, non per giudicare il proprio passato, ma per comprenderlo. Perch\u00e9 se \u00e8 vero che non possiamo cambiare ci\u00f2 che \u00e8 stato, \u00e8 altrettanto vero che possiamo continuamente cambiare il nostro rapporto con esso.<\/p>\n\n\n\n<p>Raccogliere, in questo senso, diventa una forma di cura verso il tempo, per non lasciarlo cadere nell\u2019oblio, per riconoscerlo come qualcosa che ci ha attraversati e che continua a chiederci ascolto.<\/p>\n\n\n\n<p>Tutto questo, per\u00f2, richiede una condizione sempre pi\u00f9 rara: il silenzio. Non un silenzio vuoto, ma fertile, abitato, in cui i pensieri prendono forma senza urgenza. Il silenzio che permette di riconoscere, di lasciar emergere ci\u00f2 che normalmente viene coperto dal rumore e dalla fretta.<\/p>\n\n\n\n<p>Raccogliere ricordi, riflettere, tacere. Sono gesti semplici, eppure profondi. Non servono strumenti sofisticati, ma disponibilit\u00e0. Non si tratta di rimanere imprigionati nel passato, ma accogliere per continuare a dare senso. Un gesto individuale che \u00e8 insieme spirituale e culturale. Raccogliere \u00e8 un atto umile e insieme potente, significa riconoscere anche le esperienze minime, una parola detta, un abbraccio, uno sguardo, una presenza sfumata. In un\u2019epoca in cui tutto spinge verso l\u2019esterno, fermarci a raccogliere il nostro tempo interiore \u00e8 un atto di resistenza. \u00c8 scegliere di abitare la profondit\u00e0 anzich\u00e9 la superficie, la lentezza anzich\u00e9 la reazione, la consapevolezza anzich\u00e9 la distrazione, per cominciare a comprendere sul serio.\u00a0\u00a0<\/p>\n","protected":false},"excerpt":{"rendered":"<p>Viviamo nell\u2019epoca dell\u2019istantaneit\u00e0, della informazione compulsiva, del subito e ora. Ogni gesto pare essere proiettato solo per l\u2019esterno, ogni esperienza rischia di trasformarsi in contenuto da esibire. Eppure, in questa corsa continua, a volte qualcosa ci sfugge: il tempo per comprendere, per ascoltare ci\u00f2 che abbiamo vissuto o stiamo vivendo. Forse oggi pi\u00f9 che mai abbiamo bisogno di recuperare l\u2019arte perduta della memoria consapevole, e con essa il valore del silenzio come spazio riflessivo. Non ricordiamo tutto, n\u00e9 sempre allo stesso modo. La memoria non sempre \u00e8 una macchina fedele, ma una lente che si modula con il passare degli anni. Ricordare \u00e8 un atto<a class=\"more-link\" href=\"https:\/\/www.operaincerta.it\/OIWP\/2025\/06\/14\/coltivare-il-passato\/\">Read More &rarr;<\/a><\/p>\n","protected":false},"author":5,"featured_media":1365,"comment_status":"open","ping_status":"open","sticky":false,"template":"","format":"standard","meta":{"footnotes":""},"categories":[75],"tags":[],"ppma_author":[27],"class_list":{"0":"entry","1":"post","2":"publish","3":"author-salvatore","4":"post-1364","6":"format-standard","7":"has-post-thumbnail","8":"category-194-giugno-2025"},"authors":[{"term_id":27,"user_id":5,"is_guest":0,"slug":"salvatore","display_name":"Salvatore Desari","avatar_url":{"url":"https:\/\/www.operaincerta.it\/OIWP\/wp-content\/uploads\/2024\/12\/desari.jpg","url2x":"https:\/\/www.operaincerta.it\/OIWP\/wp-content\/uploads\/2024\/12\/desari.jpg"},"0":null,"1":"","2":"","3":"","4":"","5":"","6":"","7":"","8":""}],"_links":{"self":[{"href":"https:\/\/www.operaincerta.it\/OIWP\/wp-json\/wp\/v2\/posts\/1364","targetHints":{"allow":["GET"]}}],"collection":[{"href":"https:\/\/www.operaincerta.it\/OIWP\/wp-json\/wp\/v2\/posts"}],"about":[{"href":"https:\/\/www.operaincerta.it\/OIWP\/wp-json\/wp\/v2\/types\/post"}],"author":[{"embeddable":true,"href":"https:\/\/www.operaincerta.it\/OIWP\/wp-json\/wp\/v2\/users\/5"}],"replies":[{"embeddable":true,"href":"https:\/\/www.operaincerta.it\/OIWP\/wp-json\/wp\/v2\/comments?post=1364"}],"version-history":[{"count":2,"href":"https:\/\/www.operaincerta.it\/OIWP\/wp-json\/wp\/v2\/posts\/1364\/revisions"}],"predecessor-version":[{"id":1406,"href":"https:\/\/www.operaincerta.it\/OIWP\/wp-json\/wp\/v2\/posts\/1364\/revisions\/1406"}],"wp:featuredmedia":[{"embeddable":true,"href":"https:\/\/www.operaincerta.it\/OIWP\/wp-json\/wp\/v2\/media\/1365"}],"wp:attachment":[{"href":"https:\/\/www.operaincerta.it\/OIWP\/wp-json\/wp\/v2\/media?parent=1364"}],"wp:term":[{"taxonomy":"category","embeddable":true,"href":"https:\/\/www.operaincerta.it\/OIWP\/wp-json\/wp\/v2\/categories?post=1364"},{"taxonomy":"post_tag","embeddable":true,"href":"https:\/\/www.operaincerta.it\/OIWP\/wp-json\/wp\/v2\/tags?post=1364"},{"taxonomy":"author","embeddable":true,"href":"https:\/\/www.operaincerta.it\/OIWP\/wp-json\/wp\/v2\/ppma_author?post=1364"}],"curies":[{"name":"wp","href":"https:\/\/api.w.org\/{rel}","templated":true}]}}