{"id":1336,"date":"2025-06-14T00:01:00","date_gmt":"2025-06-13T22:01:00","guid":{"rendered":"https:\/\/www.operaincerta.it\/OIWP\/?p=1336"},"modified":"2025-06-11T11:06:31","modified_gmt":"2025-06-11T09:06:31","slug":"raccolta-di-frammenti-di-pace","status":"publish","type":"post","link":"https:\/\/www.operaincerta.it\/OIWP\/2025\/06\/14\/raccolta-di-frammenti-di-pace\/","title":{"rendered":"Raccolta di frammenti di Pace"},"content":{"rendered":"\n<p>Siamo alla disperata ricerca di frammenti di Pace da raccogliere, custodire, lanciare come semi che portino frutto; comporli a formare il mosaico di un futuro tutto da costruire.<\/p>\n\n\n\n<p>A tal fine sarebbe utile (soprattutto nelle scuole) ribaltare il concetto di \u201ceroismo\u201d. Nell\u2019immaginario collettivo, si basa sull\u2019\u201darte\u201d militare, sui nemici abbattuti e i territori conquistati. Invece penso che il gesto pi\u00f9 eroico sia restare umani quando tutto intorno a te ti porterebbe in ben altra direzione.<\/p>\n\n\n\n<p>\u00c8 eroismo l\u2019abbraccio del palestinese <em>Aziz Sarah<\/em> (al quale l\u2019esercito israeliano ha ucciso il fratello) con l\u2019israeliano <em>Maoz Inon<\/em> (al quale sono stati uccisi i genitori nell\u2019attacco di Hamas del 7 ottobre). La loro amicizia \u00e8 eroica.<\/p>\n\n\n\n<p>\u00c8 eroismo il lavoro di medici ed infermieri in territori di guerra. Oggi non sono neanche pi\u00f9 tutelati dalle protezioni che storicamente si sono sempre riservate loro, almeno formalmente. Il fuoco li raggiunge sempre pi\u00f9 spesso, non incidentalmente ma con una nauseante volont\u00e0 di uccidere persino chi opera per salvare vite.<\/p>\n\n\n\n<p>\u00c8 eroismo la scelta di <em>Nelson Mandela<\/em>, da presidente del Sudafrica (1990), di facilitare la riconciliazione e la convivenza con gli stessi bianchi che lo avevano tenuto in carcere duro per 27 anni, ammazzando e torturando compagni e amici.<\/p>\n\n\n\n<p>\u00c8 eroismo quanto accaduto nel Natale del 1914 sul fronte della prima guerra mondiale. Durante la tregua le fazioni contrapposte, ispirate dai canti natalizi, fraternizzarono e, una volta riprese le ostilit\u00e0, rifiutarono di combattersi a vicenda, pagandone le conseguenze. La vicenda (incredibilmente ignorata dalla Storia) fu riportata alla luce dal bel film di <em>Christian Carion \u201cJoyeux No\u00ebl\u201d<\/em> (anno 2005).<\/p>\n\n\n\n<p>\u00c8 eroismo quello di una donna austriaca, <em>Bertha von Suttner<\/em>. La quale pens\u00f2 bene di scrivere <em>\u201cGi\u00f9 le armi!<\/em>\u201d, manifesto pacifista pubblicato nel 1889. Proviamo a immaginare quanto coraggio ci volesse, per una donna di quegli anni, cos\u00ec impregnati di retorica militarista. Consegu\u00ec il Premio Nobel per la Pace nel 1905 e mor\u00ec nel 1914, una settimana prima dello scoppio della Grande Guerra.<\/p>\n\n\n\n<p>Con lei voglio ricordare altre donne Premi Nobel per la Pace il cui contributo \u00e8 stato straordinario: <em>Rigoberta Menchu<\/em> (1992), che ha lottato per i diritti degli indigeni guatemaltechi; <em>Jody Williams <\/em>(1997) impegnata per la messa al bando delle mine antiuomo; <em>Shirin Ebadi (<\/em>anno 2003), che difende i diritti dell\u2019infanzia e delle donne iraniane; <em>Wangari Maathai<\/em> (2004), attivista ambientalista keniota; <em>Ellen Johnson Sirleaf<\/em> (2011) presidente della Liberia 2006\/2018; <em>Leymah Gbowee<\/em> (2011) pacifista liberiana; <em>Tawakkul Karman<\/em> (2011) donna yemenita impegnata per l\u2019emancipazione non violenta; <em>Malala Yousafzai<\/em> (2014), attivista pakistana impegnata nella difesa del diritto all\u2019istruzione e dei diritti civili delle donne, la pi\u00f9 giovane vincitrice della storia (allora appena diciassettenne); <em>Nadia Murad Basee <\/em>(2018) attivista irachena dei diritti umani; <em>Narges Mohammadi<\/em> (2023), attivista iraniana condannata a 30 anni di carcere per il suo impegno contro la pena di morte e per i diritti delle donne;<\/p>\n\n\n\n<p>Ho fatto solo alcuni esempi. E ho voluto utilizzare la parola \u201ceroismo\u201d per ribaltarne, in qualche modo, l\u2019interpretazione. In realt\u00e0, perch\u00e9 le cose cambino in meglio, non dovremmo cercare gli \u201ceroi\u201d ma il coinvolgimento di ognuno, a tutti i livelli, nella medesima direzione.<\/p>\n","protected":false},"excerpt":{"rendered":"<p>Siamo alla disperata ricerca di frammenti di Pace da raccogliere, custodire, lanciare come semi che portino frutto; comporli a formare il mosaico di un futuro tutto da costruire. A tal fine sarebbe utile (soprattutto nelle scuole) ribaltare il concetto di \u201ceroismo\u201d. Nell\u2019immaginario collettivo, si basa sull\u2019\u201darte\u201d militare, sui nemici abbattuti e i territori conquistati. Invece penso che il gesto pi\u00f9 eroico sia restare umani quando tutto intorno a te ti porterebbe in ben altra direzione. \u00c8 eroismo l\u2019abbraccio del palestinese Aziz Sarah (al quale l\u2019esercito israeliano ha ucciso il fratello) con l\u2019israeliano Maoz Inon (al quale sono stati uccisi i genitori nell\u2019attacco di Hamas del<a class=\"more-link\" href=\"https:\/\/www.operaincerta.it\/OIWP\/2025\/06\/14\/raccolta-di-frammenti-di-pace\/\">Read More &rarr;<\/a><\/p>\n","protected":false},"author":23,"featured_media":1338,"comment_status":"open","ping_status":"open","sticky":false,"template":"","format":"standard","meta":{"footnotes":""},"categories":[75],"tags":[],"ppma_author":[16],"class_list":{"0":"entry","1":"post","2":"publish","3":"author-marcello","4":"post-1336","6":"format-standard","7":"has-post-thumbnail","8":"category-194-giugno-2025"},"authors":[{"term_id":16,"user_id":23,"is_guest":0,"slug":"marcello","display_name":"Marcello Gurrieri","avatar_url":{"url":"https:\/\/www.operaincerta.it\/OIWP\/wp-content\/uploads\/2025\/02\/gurrieri2.jpg","url2x":"https:\/\/www.operaincerta.it\/OIWP\/wp-content\/uploads\/2025\/02\/gurrieri2.jpg"},"0":null,"1":"","2":"","3":"","4":"","5":"","6":"","7":"","8":""}],"_links":{"self":[{"href":"https:\/\/www.operaincerta.it\/OIWP\/wp-json\/wp\/v2\/posts\/1336","targetHints":{"allow":["GET"]}}],"collection":[{"href":"https:\/\/www.operaincerta.it\/OIWP\/wp-json\/wp\/v2\/posts"}],"about":[{"href":"https:\/\/www.operaincerta.it\/OIWP\/wp-json\/wp\/v2\/types\/post"}],"author":[{"embeddable":true,"href":"https:\/\/www.operaincerta.it\/OIWP\/wp-json\/wp\/v2\/users\/23"}],"replies":[{"embeddable":true,"href":"https:\/\/www.operaincerta.it\/OIWP\/wp-json\/wp\/v2\/comments?post=1336"}],"version-history":[{"count":2,"href":"https:\/\/www.operaincerta.it\/OIWP\/wp-json\/wp\/v2\/posts\/1336\/revisions"}],"predecessor-version":[{"id":1421,"href":"https:\/\/www.operaincerta.it\/OIWP\/wp-json\/wp\/v2\/posts\/1336\/revisions\/1421"}],"wp:featuredmedia":[{"embeddable":true,"href":"https:\/\/www.operaincerta.it\/OIWP\/wp-json\/wp\/v2\/media\/1338"}],"wp:attachment":[{"href":"https:\/\/www.operaincerta.it\/OIWP\/wp-json\/wp\/v2\/media?parent=1336"}],"wp:term":[{"taxonomy":"category","embeddable":true,"href":"https:\/\/www.operaincerta.it\/OIWP\/wp-json\/wp\/v2\/categories?post=1336"},{"taxonomy":"post_tag","embeddable":true,"href":"https:\/\/www.operaincerta.it\/OIWP\/wp-json\/wp\/v2\/tags?post=1336"},{"taxonomy":"author","embeddable":true,"href":"https:\/\/www.operaincerta.it\/OIWP\/wp-json\/wp\/v2\/ppma_author?post=1336"}],"curies":[{"name":"wp","href":"https:\/\/api.w.org\/{rel}","templated":true}]}}